{"id":219877,"date":"2023-05-16T11:00:28","date_gmt":"2023-05-16T11:00:28","guid":{"rendered":"https:\/\/windyjets.com\/personalisierung-und-branding-privatjet\/"},"modified":"2023-06-12T11:02:18","modified_gmt":"2023-06-12T11:02:18","slug":"personalisierung-und-branding-privatjet","status":"publish","type":"post","link":"https:\/\/windyjets.com\/de\/personalisierung-und-branding-privatjet\/","title":{"rendered":"Personalisierung und Branding"},"content":{"rendered":"<p>[et_pb_section fb_built=&#8220;1&#8243; _builder_version=&#8220;4.21.0&#8243; _module_preset=&#8220;default&#8220; top_divider_style=&#8220;ramp2&#8243; top_divider_color=&#8220;#003890&#8243; top_divider_height=&#8220;42px&#8220; global_colors_info=&#8220;{}&#8220;][et_pb_row _builder_version=&#8220;4.21.0&#8243; _module_preset=&#8220;default&#8220; border_width_bottom=&#8220;1px&#8220; border_color_bottom=&#8220;#003890&#8243; global_colors_info=&#8220;{}&#8220;][et_pb_column type=&#8220;4_4&#8243; _builder_version=&#8220;4.21.0&#8243; _module_preset=&#8220;default&#8220; global_colors_info=&#8220;{}&#8220;][et_pb_text _builder_version=&#8220;4.21.0&#8243; _module_preset=&#8220;default&#8220; header_font_size=&#8220;40px&#8220; global_colors_info=&#8220;{}&#8220;]<\/p>\n<h1>Personalisierung und Branding eines Privatjets<\/h1>\n<p>[\/et_pb_text][\/et_pb_column][\/et_pb_row][et_pb_row column_structure=&#8220;1_2,1_2&#8243; _builder_version=&#8220;4.21.0&#8243; _module_preset=&#8220;default&#8220; module_alignment=&#8220;center&#8220; global_colors_info=&#8220;{}&#8220;][et_pb_column type=&#8220;1_2&#8243; _builder_version=&#8220;4.21.0&#8243; _module_preset=&#8220;default&#8220; global_colors_info=&#8220;{}&#8220;][et_pb_image src=&#8220;https:\/\/windyjets.com\/wp-content\/uploads\/2023\/05\/Embraer-Lineage-1000-1000E.jpg&#8220; alt=&#8220;Embraer Lineage 1000 &#8211; 1000E&#8220; title_text=&#8220;Embraer Lineage 1000 &#8211; 1000E&#8220; _builder_version=&#8220;4.21.0&#8243; _module_preset=&#8220;default&#8220; global_colors_info=&#8220;{}&#8220;][\/et_pb_image][\/et_pb_column][et_pb_column type=&#8220;1_2&#8243; _builder_version=&#8220;4.21.0&#8243; _module_preset=&#8220;default&#8220; global_colors_info=&#8220;{}&#8220;][et_pb_text admin_label=&#8220;Titulo: Viajar con mascotas&#8220; _builder_version=&#8220;4.21.0&#8243; _module_preset=&#8220;default&#8220; text_text_color=&#8220;#003890&#8243; text_font_size=&#8220;36px&#8220; header_text_align=&#8220;center&#8220; header_2_text_align=&#8220;center&#8220; header_2_text_color=&#8220;#003890&#8243; positioning=&#8220;relative&#8220; horizontal_offset=&#8220;0px&#8220; vertical_offset_tablet=&#8220;75px&#8220; vertical_offset_phone=&#8220;0px&#8220; vertical_offset_last_edited=&#8220;on|phone&#8220; custom_padding=&#8220;|||0px|false|false&#8220; header_font_size_tablet=&#8220;40px&#8220; header_font_size_phone=&#8220;25px&#8220; header_font_size_last_edited=&#8220;on|desktop&#8220; global_colors_info=&#8220;{}&#8220;]<\/p>\n<h1><span>Der Privatjet als Spiegelbild Ihrer Marke<\/span><\/h1>\n<p>[\/et_pb_text][et_pb_text _builder_version=&#8220;4.21.0&#8243; _module_preset=&#8220;default&#8220; text_font=&#8220;||||||||&#8220; text_text_color=&#8220;#003890&#8243; text_font_size=&#8220;20px&#8220; positioning=&#8220;relative&#8220; vertical_offset=&#8220;0px&#8220; vertical_offset_tablet=&#8220;65px&#8220; vertical_offset_phone=&#8220;0px&#8220; vertical_offset_last_edited=&#8220;on|phone&#8220; custom_margin=&#8220;|||0px|false|false&#8220; custom_margin_tablet=&#8220;|||0px|false|false&#8220; custom_margin_phone=&#8220;0px|||0px|false|false&#8220; custom_margin_last_edited=&#8220;on|phone&#8220; custom_padding=&#8220;||0px||false|false&#8220; custom_padding_tablet=&#8220;||74px|||&#8220; custom_padding_phone=&#8220;||0px||false|false&#8220; custom_padding_last_edited=&#8220;on|phone&#8220; global_colors_info=&#8220;{}&#8220;]<\/p>\n<p style=\"text-align: left;\">Heben Sie sich mit unserer Personalisierungs- und Branding-Aktion f\u00fcr Ihren Privatjet von der Masse ab!<\/p>\n<p style=\"text-align: left;\">Wir wissen, wie wichtig es f\u00fcr Sie ist, Ihre einzigartige Marke und Ihren Stil zu vermitteln, und wir sind hier, um Ihnen dabei zu helfen, dies zu erreichen.<\/p>\n<p>[\/et_pb_text][\/et_pb_column][\/et_pb_row][et_pb_row column_structure=&#8220;1_2,1_2&#8243; _builder_version=&#8220;4.21.0&#8243; _module_preset=&#8220;default&#8220; global_colors_info=&#8220;{}&#8220;][et_pb_column type=&#8220;1_2&#8243; _builder_version=&#8220;4.21.0&#8243; _module_preset=&#8220;default&#8220; global_colors_info=&#8220;{}&#8220;][et_pb_text _builder_version=&#8220;4.21.0&#8243; _module_preset=&#8220;default&#8220; text_font=&#8220;||||||||&#8220; text_text_color=&#8220;#003890&#8243; text_font_size=&#8220;16px&#8220; background_enable_pattern_style=&#8220;on&#8220; background_pattern_style=&#8220;zig-zag&#8220; background_pattern_color=&#8220;rgba(0,56,144,0.03)&#8220; background_pattern_transform=&#8220;flip_vertical|rotate_90_degree|invert|flip_horizontal&#8220; background_pattern_size=&#8220;stretch&#8220; custom_padding=&#8220;15px|||||&#8220; global_colors_info=&#8220;{}&#8220;]<\/p>\n<p style=\"text-align: left;\">Unser hochqualifiziertes Design- und Anpassungsteam arbeitet eng mit Ihnen zusammen, um ein unverwechselbares Erscheinungsbild f\u00fcr Ihren Privatjet zu schaffen. Wir k\u00f6nnen ma\u00dfgeschneiderte Vinyls, Logos und Grafiken an der Au\u00dfenseite des Flugzeugs anbringen, sie an Ihre Vorlieben anpassen und sicherstellen, dass sie perfekt zu Ihrem Markendesign und -stil passen. <\/p>\n<p style=\"text-align: left;\">Dar\u00fcber hinaus bieten wir Dienstleistungen zur individuellen Gestaltung der Kabine an. Von der Auswahl von Farben und Stoffen bis hin zum Hinzuf\u00fcgen individueller Akzente sorgen wir daf\u00fcr, dass Ihr Privatjet Ihren einzigartigen Stil widerspiegelt und Ihren Passagieren ein au\u00dfergew\u00f6hnliches Erlebnis bietet. <\/p>\n<p style=\"text-align: left;\">Zus\u00e4tzlich zur \u00e4sthetischen Individualisierung bieten wir auch Branding-Optionen in Bezug auf Dienstleistungen und Annehmlichkeiten an Bord an. Wir k\u00f6nnen Catering-Men\u00fcs mit Ihrem Logo oder Markennamen personalisieren, exklusive Produkte mit Ihrem Namen versehen oder individuelle Bordkarten und Werbematerialien entwerfen. <\/p>\n<p>[\/et_pb_text][\/et_pb_column][et_pb_column type=&#8220;1_2&#8243; _builder_version=&#8220;4.21.0&#8243; _module_preset=&#8220;default&#8220; global_colors_info=&#8220;{}&#8220;][et_pb_image src=&#8220;https:\/\/windyjets.com\/wp-content\/uploads\/2023\/05\/G550_int1-scaled-1.jpg&#8220; alt=&#8220;Essen im Privatjet&#8220; title_text=&#8220;G550_int1-scaled&#8220; _builder_version=&#8220;4.21.0&#8243; _module_preset=&#8220;default&#8220; global_colors_info=&#8220;{}&#8220;][\/et_pb_image][\/et_pb_column][\/et_pb_row][et_pb_row _builder_version=&#8220;4.21.0&#8243; _module_preset=&#8220;default&#8220; global_colors_info=&#8220;{}&#8220;][et_pb_column type=&#8220;4_4&#8243; _builder_version=&#8220;4.21.0&#8243; _module_preset=&#8220;default&#8220; global_colors_info=&#8220;{}&#8220;][et_pb_text _builder_version=&#8220;4.21.0&#8243; _module_preset=&#8220;default&#8220; text_font=&#8220;||||||||&#8220; text_text_color=&#8220;#003890&#8243; text_font_size=&#8220;16px&#8220; global_colors_info=&#8220;{}&#8220;]<\/p>\n<p style=\"text-align: left;\">Unser Ziel ist es, dass Ihr Privatjet eine Erweiterung Ihrer Identit\u00e4t und ein leistungsstarkes Marketinginstrument ist. Wir arbeiten eng mit Ihnen zusammen, um sicherzustellen, dass jedes Detail Ihren Spezifikationen und Erwartungen entspricht. <\/p>\n<p style=\"text-align: left;\">Um mehr \u00fcber unser Branding und die Individualisierung von Privatjets zu erfahren und Preis- und Designoptionen zu besprechen, empfehlen wir Ihnen, sich an unser Kundensupport-Team zu wenden. Gerne erwecken wir Ihre Vision zum Leben und verwandeln Ihren Privatjet in ein Statement f\u00fcr Stil und Erfolg. <\/p>\n<p>[\/et_pb_text][\/et_pb_column][\/et_pb_row][et_pb_row _builder_version=&#8220;4.21.0&#8243; _module_preset=&#8220;default&#8220; custom_margin=&#8220;0px||18px||false|false&#8220; custom_margin_tablet=&#8220;-38px||18px||false|false&#8220; custom_margin_phone=&#8220;-38px||18px||false|false&#8220; custom_margin_last_edited=&#8220;on|phone&#8220; global_colors_info=&#8220;{}&#8220;][et_pb_column type=&#8220;4_4&#8243; _builder_version=&#8220;4.21.0&#8243; _module_preset=&#8220;default&#8220; global_colors_info=&#8220;{}&#8220;][et_pb_button button_url=&#8220;@ET-DC@eyJkeW5hbWljIjp0cnVlLCJjb250ZW50IjoicG9zdF9saW5rX3VybF9wYWdlIiwic2V0dGluZ3MiOnsicG9zdF9pZCI6IjIxNzA2OCJ9fQ==@&#8220; button_text=&#8220;Nach Informationen fragen&#8220; button_alignment=&#8220;center&#8220; _builder_version=&#8220;4.21.0&#8243; _dynamic_attributes=&#8220;button_url&#8220; _module_preset=&#8220;default&#8220; custom_button=&#8220;on&#8220; button_text_color=&#8220;#003980&#8243; button_icon=&#8220;&#xf072;||fa||900&#8243; positioning=&#8220;relative&#8220; custom_margin=&#8220;||0px||false|false&#8220; locked=&#8220;off&#8220; global_colors_info=&#8220;{}&#8220;][\/et_pb_button][\/et_pb_column][\/et_pb_row][\/et_pb_section][et_pb_section fb_built=&#8220;1&#8243; _builder_version=&#8220;4.21.0&#8243; _module_preset=&#8220;default&#8220; custom_margin=&#8220;||-179px|||&#8220; custom_padding=&#8220;||0px|||&#8220; locked=&#8220;off&#8220; global_colors_info=&#8220;{}&#8220;][et_pb_row _builder_version=&#8220;4.21.0&#8243; _module_preset=&#8220;default&#8220; vertical_offset=&#8220;-127px&#8220; global_colors_info=&#8220;{}&#8220;][et_pb_column type=&#8220;4_4&#8243; _builder_version=&#8220;4.21.0&#8243; _module_preset=&#8220;default&#8220; global_colors_info=&#8220;{}&#8220;][dsm_text_divider header=&#8220;WindyJets&#8220; admin_label=&#8220;Supreme Text Divider&#8220; _builder_version=&#8220;4.21.0&#8243; _module_preset=&#8220;default&#8220; locked=&#8220;off&#8220; global_colors_info=&#8220;{}&#8220;][\/dsm_text_divider][ba_post_list include_categories=&#8220;22&#8243; posts_number=&#8220;12&#8243; show_excerpt=&#8220;off&#8220; list_type=&#8220;grid&#8220; items=&#8220;6&#8243; item_spacing=&#8220;16px&#8220; alignment=&#8220;center&#8220; image_width=&#8220;164px&#8220; image_height=&#8220;146px&#8220; image_spacing=&#8220;16px&#8220; items_tablet=&#8220;2&#8243; items_phone=&#8220;2&#8243; items_last_edited=&#8220;on|phone&#8220; _builder_version=&#8220;4.21.0&#8243; _module_preset=&#8220;default&#8220; title_font_size=&#8220;18px&#8220; border_radii_image=&#8220;on|12px|12px|12px|12px&#8220; border_width_all_image=&#8220;30px&#8220; locked=&#8220;off&#8220; global_colors_info=&#8220;{}&#8220;][\/ba_post_list][\/et_pb_column][\/et_pb_row][\/et_pb_section]<\/p>\n","protected":false},"excerpt":{"rendered":"<p>Ihr Privatjet kann eine Erweiterung Ihrer Identit\u00e4t und ein leistungsstarkes Marketinginstrument sein. Von der Auswahl der Farben und Stoffe bis hin zur Einbindung personalisierter Dekorationselemente. <\/p>\n","protected":false},"author":2,"featured_media":218622,"comment_status":"closed","ping_status":"closed","sticky":false,"template":"","format":"standard","meta":{"_et_pb_use_builder":"on","_et_pb_old_content":"","_et_gb_content_width":"","footnotes":""},"categories":[100,103],"tags":[],"class_list":["post-219877","post","type-post","status-publish","format-standard","has-post-thumbnail","hentry","category-blog-de","category-privatjet-dienste"],"yoast_head":"<!-- This site is optimized with the Yoast SEO plugin v22.6 - https:\/\/yoast.com\/wordpress\/plugins\/seo\/ -->\n<title>Markenimage in Privatflugzeugen \u2013 WindyJets<\/title>\n<meta name=\"description\" content=\"Corporate Design f\u00fcr Ihren Privatjet oder Charterflieger. Personalisierte Executive Aviation zur Steigerung der St\u00e4rke Ihrer Marke.\" \/>\n<meta name=\"robots\" content=\"index, follow, max-snippet:-1, max-image-preview:large, max-video-preview:-1\" \/>\n<link rel=\"canonical\" href=\"https:\/\/windyjets.com\/de\/personalisierung-und-branding-privatjet\/\" \/>\n<meta property=\"og:locale\" content=\"de_DE\" \/>\n<meta property=\"og:type\" content=\"article\" \/>\n<meta property=\"og:title\" content=\"Markenimage in Privatflugzeugen \u2013 WindyJets\" \/>\n<meta property=\"og:description\" content=\"Corporate Design f\u00fcr Ihren Privatjet oder Charterflieger. Personalisierte Executive Aviation zur Steigerung der St\u00e4rke Ihrer Marke.\" \/>\n<meta property=\"og:url\" content=\"https:\/\/windyjets.com\/de\/personalisierung-und-branding-privatjet\/\" \/>\n<meta property=\"og:site_name\" content=\"WindyJets\" \/>\n<meta property=\"article:published_time\" content=\"2023-05-16T11:00:28+00:00\" \/>\n<meta property=\"article:modified_time\" content=\"2023-06-12T11:02:18+00:00\" \/>\n<meta property=\"og:image\" content=\"https:\/\/windyjets.com\/wp-content\/uploads\/2023\/05\/Beechcraft-King-Air-200.jpg\" \/>\n\t<meta property=\"og:image:width\" content=\"900\" \/>\n\t<meta property=\"og:image:height\" content=\"527\" \/>\n\t<meta property=\"og:image:type\" content=\"image\/jpeg\" \/>\n<meta name=\"author\" content=\"Merce\" \/>\n<meta name=\"twitter:card\" content=\"summary_large_image\" \/>\n<meta name=\"twitter:label1\" content=\"Verfasst von\" \/>\n\t<meta name=\"twitter:data1\" content=\"Merce\" \/>\n\t<meta name=\"twitter:label2\" content=\"Gesch\u00e4tzte Lesezeit\" \/>\n\t<meta name=\"twitter:data2\" content=\"5\u00a0Minuten\" \/>\n<script type=\"application\/ld+json\" class=\"yoast-schema-graph\">{\"@context\":\"https:\/\/schema.org\",\"@graph\":[{\"@type\":\"Article\",\"@id\":\"https:\/\/windyjets.com\/de\/personalisierung-und-branding-privatjet\/#article\",\"isPartOf\":{\"@id\":\"https:\/\/windyjets.com\/de\/personalisierung-und-branding-privatjet\/\"},\"author\":{\"name\":\"Merce\",\"@id\":\"https:\/\/windyjets.com\/de\/#\/schema\/person\/670925590ec84c5e51396666b57d06b9\"},\"headline\":\"Personalisierung und Branding\",\"datePublished\":\"2023-05-16T11:00:28+00:00\",\"dateModified\":\"2023-06-12T11:02:18+00:00\",\"mainEntityOfPage\":{\"@id\":\"https:\/\/windyjets.com\/de\/personalisierung-und-branding-privatjet\/\"},\"wordCount\":1063,\"publisher\":{\"@id\":\"https:\/\/windyjets.com\/de\/#organization\"},\"image\":{\"@id\":\"https:\/\/windyjets.com\/de\/personalisierung-und-branding-privatjet\/#primaryimage\"},\"thumbnailUrl\":\"https:\/\/windyjets.com\/wp-content\/uploads\/2023\/05\/Beechcraft-King-Air-200.jpg\",\"articleSection\":[\"Blog\",\"Privatjet-Dienste\"],\"inLanguage\":\"de\"},{\"@type\":\"WebPage\",\"@id\":\"https:\/\/windyjets.com\/de\/personalisierung-und-branding-privatjet\/\",\"url\":\"https:\/\/windyjets.com\/de\/personalisierung-und-branding-privatjet\/\",\"name\":\"Markenimage in Privatflugzeugen \u2013 WindyJets\",\"isPartOf\":{\"@id\":\"https:\/\/windyjets.com\/de\/#website\"},\"primaryImageOfPage\":{\"@id\":\"https:\/\/windyjets.com\/de\/personalisierung-und-branding-privatjet\/#primaryimage\"},\"image\":{\"@id\":\"https:\/\/windyjets.com\/de\/personalisierung-und-branding-privatjet\/#primaryimage\"},\"thumbnailUrl\":\"https:\/\/windyjets.com\/wp-content\/uploads\/2023\/05\/Beechcraft-King-Air-200.jpg\",\"datePublished\":\"2023-05-16T11:00:28+00:00\",\"dateModified\":\"2023-06-12T11:02:18+00:00\",\"description\":\"Corporate Design f\u00fcr Ihren Privatjet oder Charterflieger. Personalisierte Executive Aviation zur Steigerung der St\u00e4rke Ihrer Marke.\",\"breadcrumb\":{\"@id\":\"https:\/\/windyjets.com\/de\/personalisierung-und-branding-privatjet\/#breadcrumb\"},\"inLanguage\":\"de\",\"potentialAction\":[{\"@type\":\"ReadAction\",\"target\":[\"https:\/\/windyjets.com\/de\/personalisierung-und-branding-privatjet\/\"]}]},{\"@type\":\"ImageObject\",\"inLanguage\":\"de\",\"@id\":\"https:\/\/windyjets.com\/de\/personalisierung-und-branding-privatjet\/#primaryimage\",\"url\":\"https:\/\/windyjets.com\/wp-content\/uploads\/2023\/05\/Beechcraft-King-Air-200.jpg\",\"contentUrl\":\"https:\/\/windyjets.com\/wp-content\/uploads\/2023\/05\/Beechcraft-King-Air-200.jpg\",\"width\":900,\"height\":527},{\"@type\":\"BreadcrumbList\",\"@id\":\"https:\/\/windyjets.com\/de\/personalisierung-und-branding-privatjet\/#breadcrumb\",\"itemListElement\":[{\"@type\":\"ListItem\",\"position\":1,\"name\":\"Portada\",\"item\":\"https:\/\/windyjets.com\/de\/privatjet-vermietung\/\"},{\"@type\":\"ListItem\",\"position\":2,\"name\":\"Personalisierung und Branding\"}]},{\"@type\":\"WebSite\",\"@id\":\"https:\/\/windyjets.com\/de\/#website\",\"url\":\"https:\/\/windyjets.com\/de\/\",\"name\":\"WindyJets\",\"description\":\"Alquiler Jets Privados\",\"publisher\":{\"@id\":\"https:\/\/windyjets.com\/de\/#organization\"},\"alternateName\":\"Windy Jets\",\"potentialAction\":[{\"@type\":\"SearchAction\",\"target\":{\"@type\":\"EntryPoint\",\"urlTemplate\":\"https:\/\/windyjets.com\/de\/?s={search_term_string}\"},\"query-input\":\"required name=search_term_string\"}],\"inLanguage\":\"de\"},{\"@type\":\"Organization\",\"@id\":\"https:\/\/windyjets.com\/de\/#organization\",\"name\":\"WindyJets\",\"alternateName\":\"Windy Jets\",\"url\":\"https:\/\/windyjets.com\/de\/\",\"logo\":{\"@type\":\"ImageObject\",\"inLanguage\":\"de\",\"@id\":\"https:\/\/windyjets.com\/de\/#\/schema\/logo\/image\/\",\"url\":\"https:\/\/windyjets.com\/wp-content\/uploads\/2023\/05\/logo-windyjets.png\",\"contentUrl\":\"https:\/\/windyjets.com\/wp-content\/uploads\/2023\/05\/logo-windyjets.png\",\"width\":1400,\"height\":250,\"caption\":\"WindyJets\"},\"image\":{\"@id\":\"https:\/\/windyjets.com\/de\/#\/schema\/logo\/image\/\"}},{\"@type\":\"Person\",\"@id\":\"https:\/\/windyjets.com\/de\/#\/schema\/person\/670925590ec84c5e51396666b57d06b9\",\"name\":\"Merce\",\"image\":{\"@type\":\"ImageObject\",\"inLanguage\":\"de\",\"@id\":\"https:\/\/windyjets.com\/de\/#\/schema\/person\/image\/\",\"url\":\"https:\/\/secure.gravatar.com\/avatar\/8ebb4522bbe208c6b9cd4eff82f35c07a4c25e9446688402c20a7b6570acdb11?s=96&d=mm&r=g\",\"contentUrl\":\"https:\/\/secure.gravatar.com\/avatar\/8ebb4522bbe208c6b9cd4eff82f35c07a4c25e9446688402c20a7b6570acdb11?s=96&d=mm&r=g\",\"caption\":\"Merce\"}}]}<\/script>\n<!-- \/ Yoast SEO plugin. -->","yoast_head_json":{"title":"Markenimage in Privatflugzeugen \u2013 WindyJets","description":"Corporate Design f\u00fcr Ihren Privatjet oder Charterflieger. Personalisierte Executive Aviation zur Steigerung der St\u00e4rke Ihrer Marke.","robots":{"index":"index","follow":"follow","max-snippet":"max-snippet:-1","max-image-preview":"max-image-preview:large","max-video-preview":"max-video-preview:-1"},"canonical":"https:\/\/windyjets.com\/de\/personalisierung-und-branding-privatjet\/","og_locale":"de_DE","og_type":"article","og_title":"Markenimage in Privatflugzeugen \u2013 WindyJets","og_description":"Corporate Design f\u00fcr Ihren Privatjet oder Charterflieger. Personalisierte Executive Aviation zur Steigerung der St\u00e4rke Ihrer Marke.","og_url":"https:\/\/windyjets.com\/de\/personalisierung-und-branding-privatjet\/","og_site_name":"WindyJets","article_published_time":"2023-05-16T11:00:28+00:00","article_modified_time":"2023-06-12T11:02:18+00:00","og_image":[{"width":900,"height":527,"url":"https:\/\/windyjets.com\/wp-content\/uploads\/2023\/05\/Beechcraft-King-Air-200.jpg","type":"image\/jpeg"}],"author":"Merce","twitter_card":"summary_large_image","twitter_misc":{"Verfasst von":"Merce","Gesch\u00e4tzte Lesezeit":"5\u00a0Minuten"},"schema":{"@context":"https:\/\/schema.org","@graph":[{"@type":"Article","@id":"https:\/\/windyjets.com\/de\/personalisierung-und-branding-privatjet\/#article","isPartOf":{"@id":"https:\/\/windyjets.com\/de\/personalisierung-und-branding-privatjet\/"},"author":{"name":"Merce","@id":"https:\/\/windyjets.com\/de\/#\/schema\/person\/670925590ec84c5e51396666b57d06b9"},"headline":"Personalisierung und Branding","datePublished":"2023-05-16T11:00:28+00:00","dateModified":"2023-06-12T11:02:18+00:00","mainEntityOfPage":{"@id":"https:\/\/windyjets.com\/de\/personalisierung-und-branding-privatjet\/"},"wordCount":1063,"publisher":{"@id":"https:\/\/windyjets.com\/de\/#organization"},"image":{"@id":"https:\/\/windyjets.com\/de\/personalisierung-und-branding-privatjet\/#primaryimage"},"thumbnailUrl":"https:\/\/windyjets.com\/wp-content\/uploads\/2023\/05\/Beechcraft-King-Air-200.jpg","articleSection":["Blog","Privatjet-Dienste"],"inLanguage":"de"},{"@type":"WebPage","@id":"https:\/\/windyjets.com\/de\/personalisierung-und-branding-privatjet\/","url":"https:\/\/windyjets.com\/de\/personalisierung-und-branding-privatjet\/","name":"Markenimage in Privatflugzeugen \u2013 WindyJets","isPartOf":{"@id":"https:\/\/windyjets.com\/de\/#website"},"primaryImageOfPage":{"@id":"https:\/\/windyjets.com\/de\/personalisierung-und-branding-privatjet\/#primaryimage"},"image":{"@id":"https:\/\/windyjets.com\/de\/personalisierung-und-branding-privatjet\/#primaryimage"},"thumbnailUrl":"https:\/\/windyjets.com\/wp-content\/uploads\/2023\/05\/Beechcraft-King-Air-200.jpg","datePublished":"2023-05-16T11:00:28+00:00","dateModified":"2023-06-12T11:02:18+00:00","description":"Corporate Design f\u00fcr Ihren Privatjet oder Charterflieger. Personalisierte Executive Aviation zur Steigerung der St\u00e4rke Ihrer Marke.","breadcrumb":{"@id":"https:\/\/windyjets.com\/de\/personalisierung-und-branding-privatjet\/#breadcrumb"},"inLanguage":"de","potentialAction":[{"@type":"ReadAction","target":["https:\/\/windyjets.com\/de\/personalisierung-und-branding-privatjet\/"]}]},{"@type":"ImageObject","inLanguage":"de","@id":"https:\/\/windyjets.com\/de\/personalisierung-und-branding-privatjet\/#primaryimage","url":"https:\/\/windyjets.com\/wp-content\/uploads\/2023\/05\/Beechcraft-King-Air-200.jpg","contentUrl":"https:\/\/windyjets.com\/wp-content\/uploads\/2023\/05\/Beechcraft-King-Air-200.jpg","width":900,"height":527},{"@type":"BreadcrumbList","@id":"https:\/\/windyjets.com\/de\/personalisierung-und-branding-privatjet\/#breadcrumb","itemListElement":[{"@type":"ListItem","position":1,"name":"Portada","item":"https:\/\/windyjets.com\/de\/privatjet-vermietung\/"},{"@type":"ListItem","position":2,"name":"Personalisierung und Branding"}]},{"@type":"WebSite","@id":"https:\/\/windyjets.com\/de\/#website","url":"https:\/\/windyjets.com\/de\/","name":"WindyJets","description":"Alquiler Jets Privados","publisher":{"@id":"https:\/\/windyjets.com\/de\/#organization"},"alternateName":"Windy Jets","potentialAction":[{"@type":"SearchAction","target":{"@type":"EntryPoint","urlTemplate":"https:\/\/windyjets.com\/de\/?s={search_term_string}"},"query-input":"required name=search_term_string"}],"inLanguage":"de"},{"@type":"Organization","@id":"https:\/\/windyjets.com\/de\/#organization","name":"WindyJets","alternateName":"Windy Jets","url":"https:\/\/windyjets.com\/de\/","logo":{"@type":"ImageObject","inLanguage":"de","@id":"https:\/\/windyjets.com\/de\/#\/schema\/logo\/image\/","url":"https:\/\/windyjets.com\/wp-content\/uploads\/2023\/05\/logo-windyjets.png","contentUrl":"https:\/\/windyjets.com\/wp-content\/uploads\/2023\/05\/logo-windyjets.png","width":1400,"height":250,"caption":"WindyJets"},"image":{"@id":"https:\/\/windyjets.com\/de\/#\/schema\/logo\/image\/"}},{"@type":"Person","@id":"https:\/\/windyjets.com\/de\/#\/schema\/person\/670925590ec84c5e51396666b57d06b9","name":"Merce","image":{"@type":"ImageObject","inLanguage":"de","@id":"https:\/\/windyjets.com\/de\/#\/schema\/person\/image\/","url":"https:\/\/secure.gravatar.com\/avatar\/8ebb4522bbe208c6b9cd4eff82f35c07a4c25e9446688402c20a7b6570acdb11?s=96&d=mm&r=g","contentUrl":"https:\/\/secure.gravatar.com\/avatar\/8ebb4522bbe208c6b9cd4eff82f35c07a4c25e9446688402c20a7b6570acdb11?s=96&d=mm&r=g","caption":"Merce"}}]}},"_links":{"self":[{"href":"https:\/\/windyjets.com\/de\/wp-json\/wp\/v2\/posts\/219877","targetHints":{"allow":["GET"]}}],"collection":[{"href":"https:\/\/windyjets.com\/de\/wp-json\/wp\/v2\/posts"}],"about":[{"href":"https:\/\/windyjets.com\/de\/wp-json\/wp\/v2\/types\/post"}],"author":[{"embeddable":true,"href":"https:\/\/windyjets.com\/de\/wp-json\/wp\/v2\/users\/2"}],"replies":[{"embeddable":true,"href":"https:\/\/windyjets.com\/de\/wp-json\/wp\/v2\/comments?post=219877"}],"version-history":[{"count":2,"href":"https:\/\/windyjets.com\/de\/wp-json\/wp\/v2\/posts\/219877\/revisions"}],"predecessor-version":[{"id":219879,"href":"https:\/\/windyjets.com\/de\/wp-json\/wp\/v2\/posts\/219877\/revisions\/219879"}],"wp:featuredmedia":[{"embeddable":true,"href":"https:\/\/windyjets.com\/de\/wp-json\/wp\/v2\/media\/218622"}],"wp:attachment":[{"href":"https:\/\/windyjets.com\/de\/wp-json\/wp\/v2\/media?parent=219877"}],"wp:term":[{"taxonomy":"category","embeddable":true,"href":"https:\/\/windyjets.com\/de\/wp-json\/wp\/v2\/categories?post=219877"},{"taxonomy":"post_tag","embeddable":true,"href":"https:\/\/windyjets.com\/de\/wp-json\/wp\/v2\/tags?post=219877"}],"curies":[{"name":"wp","href":"https:\/\/api.w.org\/{rel}","templated":true}]}}