{"id":219762,"date":"2023-06-01T05:56:41","date_gmt":"2023-06-01T05:56:41","guid":{"rendered":"https:\/\/windyjets.com\/vols-evenements-sportifs\/"},"modified":"2023-06-12T06:22:27","modified_gmt":"2023-06-12T06:22:27","slug":"vols-evenements-sportifs","status":"publish","type":"post","link":"https:\/\/windyjets.com\/fr\/vols-evenements-sportifs\/","title":{"rendered":"Voyager en avion priv\u00e9 vers des \u00e9v\u00e9nements sportifs"},"content":{"rendered":"<p>[et_pb_section fb_built=\u00a0\u00bb1&Prime; _builder_version=\u00a0\u00bb4.21.0&Prime; _module_preset=\u00a0\u00bbdefault\u00a0\u00bb top_divider_style=\u00a0\u00bbramp2&Prime; top_divider_color=\u00a0\u00bb#003890&Prime; top_divider_height=\u00a0\u00bb42px\u00a0\u00bb global_colors_info=\u00a0\u00bb{}\u00a0\u00bb][et_pb_row _builder_version=\u00a0\u00bb4.21.0&Prime; _module_preset=\u00a0\u00bbdefault\u00a0\u00bb border_width_bottom=\u00a0\u00bb1px\u00a0\u00bb border_color_bottom=\u00a0\u00bb#003890&Prime; global_colors_info=\u00a0\u00bb{}\u00a0\u00bb][et_pb_column type=\u00a0\u00bb4_4&Prime; _builder_version=\u00a0\u00bb4.21.0&Prime; _module_preset=\u00a0\u00bbdefault\u00a0\u00bb global_colors_info=\u00a0\u00bb{}\u00a0\u00bb][et_pb_text _builder_version=\u00a0\u00bb4.21.0&Prime; _module_preset=\u00a0\u00bbdefault\u00a0\u00bb header_font_size=\u00a0\u00bb40px\u00a0\u00bb global_colors_info=\u00a0\u00bb{}\u00a0\u00bb]<\/p>\n<h1>Charte pour les \u00e9v\u00e9nements sportifs<\/h1>\n<p>[\/et_pb_text][\/et_pb_column][\/et_pb_row][et_pb_row column_structure=\u00a0\u00bb1_2,1_2&Prime; _builder_version=\u00a0\u00bb4.21.0&Prime; _module_preset=\u00a0\u00bbdefault\u00a0\u00bb module_alignment=\u00a0\u00bbcenter\u00a0\u00bb global_colors_info=\u00a0\u00bb{}\u00a0\u00bb][et_pb_column type=\u00a0\u00bb1_2&Prime; _builder_version=\u00a0\u00bb4.21.0&Prime; _module_preset=\u00a0\u00bbdefault\u00a0\u00bb global_colors_info=\u00a0\u00bb{}\u00a0\u00bb][et_pb_image src=\u00a0\u00bbhttps:\/\/windyjets.com\/wp-content\/uploads\/2023\/05\/EMBRAER-190-195.jpg\u00a0\u00bb alt=\u00a0\u00bbLocation Embraer 190\/195&Prime; title_text=\u00a0\u00bbEMBRAER-190-195&Prime; _builder_version=\u00a0\u00bb4.21.0&Prime; _module_preset=\u00a0\u00bbdefault\u00a0\u00bb global_colors_info=\u00a0\u00bb{}\u00a0\u00bb][\/et_pb_image][\/et_pb_column][et_pb_column type=\u00a0\u00bb1_2&Prime; _builder_version=\u00a0\u00bb4.21.0&Prime; _module_preset=\u00a0\u00bbdefault\u00a0\u00bb global_colors_info=\u00a0\u00bb{}\u00a0\u00bb][et_pb_text admin_label=\u00a0\u00bbTitulo: Viajar con mascotas\u00a0\u00bb _builder_version=\u00a0\u00bb4.21.0&Prime; _module_preset=\u00a0\u00bbdefault\u00a0\u00bb text_text_color=\u00a0\u00bb#003890&Prime; text_font_size=\u00a0\u00bb36px\u00a0\u00bb header_text_align=\u00a0\u00bbcenter\u00a0\u00bb header_2_text_align=\u00a0\u00bbcenter\u00a0\u00bb header_2_text_color=\u00a0\u00bb#003890&Prime; positioning=\u00a0\u00bbrelative\u00a0\u00bb horizontal_offset=\u00a0\u00bb0px\u00a0\u00bb vertical_offset_tablet=\u00a0\u00bb75px\u00a0\u00bb vertical_offset_phone=\u00a0\u00bb0px\u00a0\u00bb vertical_offset_last_edited=\u00a0\u00bbon|phone\u00a0\u00bb custom_padding=\u00a0\u00bb|||0px|false|false\u00a0\u00bb header_font_size_tablet=\u00a0\u00bb40px\u00a0\u00bb header_font_size_phone=\u00a0\u00bb25px\u00a0\u00bb header_font_size_last_edited=\u00a0\u00bbon|desktop\u00a0\u00bb global_colors_info=\u00a0\u00bb{}\u00a0\u00bb]<\/p>\n<h2><span>Voyagez en vol priv\u00e9 vers les grandes comp\u00e9titions<\/span><\/h2>\n<p>[\/et_pb_text][et_pb_text _builder_version=\u00a0\u00bb4.21.0&Prime; _module_preset=\u00a0\u00bbdefault\u00a0\u00bb text_font=\u00a0\u00bb||||||||\u00a0\u00bb text_text_color=\u00a0\u00bb#003890&Prime; text_font_size=\u00a0\u00bb20px\u00a0\u00bb positioning=\u00a0\u00bbrelative\u00a0\u00bb vertical_offset=\u00a0\u00bb0px\u00a0\u00bb vertical_offset_tablet=\u00a0\u00bb65px\u00a0\u00bb vertical_offset_phone=\u00a0\u00bb0px\u00a0\u00bb vertical_offset_last_edited=\u00a0\u00bbon|phone\u00a0\u00bb custom_margin=\u00a0\u00bb|||0px|false|false\u00a0\u00bb custom_margin_tablet=\u00a0\u00bb|||0px|false|false\u00a0\u00bb custom_margin_phone=\u00a0\u00bb0px|||0px|false|false\u00a0\u00bb custom_margin_last_edited=\u00a0\u00bbon|phone\u00a0\u00bb custom_padding=\u00a0\u00bb||0px||false|false\u00a0\u00bb custom_padding_tablet=\u00a0\u00bb||74px|||\u00a0\u00bb custom_padding_phone=\u00a0\u00bb||0px||false|false\u00a0\u00bb custom_padding_last_edited=\u00a0\u00bbon|phone\u00a0\u00bb global_colors_info=\u00a0\u00bb{}\u00a0\u00bb]<\/p>\n<p style=\"text-align: left;\">La location de vols charters pour assister \u00e0 des \u00e9v\u00e9nements sportifs importants est une bonne option pour les fans et les \u00e9quipes sportives. Chez WindyJets, nous proposons des services sp\u00e9cialis\u00e9s pour couvrir les \u00e9v\u00e9nements sportifs pour lesquels vous pouvez louer un vol charter. <\/p>\n<p style=\"text-align: left;\">Pratiquement tous les \u00e9v\u00e9nements sportifs majeurs, tels que les finales de championnat, les tournois internationaux ou les grands matchs, peuvent \u00eatre l&rsquo;occasion d&rsquo;envisager l&rsquo;affr\u00e8tement d&rsquo;un vol pour une exp\u00e9rience unique.<\/p>\n<p>[\/et_pb_text][\/et_pb_column][\/et_pb_row][et_pb_row _builder_version=\u00a0\u00bb4.21.0&Prime; _module_preset=\u00a0\u00bbdefault\u00a0\u00bb global_colors_info=\u00a0\u00bb{}\u00a0\u00bb][et_pb_column type=\u00a0\u00bb4_4&Prime; _builder_version=\u00a0\u00bb4.21.0&Prime; _module_preset=\u00a0\u00bbdefault\u00a0\u00bb global_colors_info=\u00a0\u00bb{}\u00a0\u00bb][et_pb_text _builder_version=\u00a0\u00bb4.21.0&Prime; _module_preset=\u00a0\u00bbdefault\u00a0\u00bb text_font=\u00a0\u00bb||||||||\u00a0\u00bb text_text_color=\u00a0\u00bb#003890&Prime; text_font_size=\u00a0\u00bb16px\u00a0\u00bb background_enable_pattern_style=\u00a0\u00bbon\u00a0\u00bb background_pattern_style=\u00a0\u00bbzig-zag\u00a0\u00bb background_pattern_color=\u00a0\u00bbrgba(0,56,144,0.03)\u00a0\u00bb background_pattern_transform=\u00a0\u00bbflip_vertical|rotate_90_degree|invert|flip_horizontal\u00a0\u00bb background_pattern_size=\u00a0\u00bbstretch\u00a0\u00bb custom_padding=\u00a0\u00bb15px|||||\u00a0\u00bb global_colors_info=\u00a0\u00bb{}\u00a0\u00bb]<\/p>\n<p style=\"text-align: left;\">Voici quelques exemples d&rsquo;\u00e9v\u00e9nements sportifs pour lesquels vous pouvez louer un vol charter :<\/p>\n<ul>\n<li style=\"text-align: left;\">Les <strong>Jeux Olympiques<\/strong> sont l&rsquo;un des \u00e9v\u00e9nements sportifs les plus importants et les plus prestigieux au monde. De nombreux fans et d\u00e9l\u00e9gations choisissent de louer des vols charters pour se rendre dans la ville h\u00f4te et assister aux comp\u00e9titions. <\/li>\n<li style=\"text-align: left;\">Les <strong>coupes du monde de football<\/strong> ou <strong>Champion Leage<\/strong> attirent un grand nombre de fans du monde entier. Les vols charters sont une option populaire pour les fans qui souhaitent assister \u00e0 des matchs et encourager leurs \u00e9quipes. <\/li>\n<li style=\"text-align: left;\">Les <strong>NBA Finals<\/strong>, le championnat professionnel de basketball aux \u00c9tats-Unis, sont des \u00e9v\u00e9nements tr\u00e8s attendus. De nombreux fans louent des vols charters pour se rendre dans les villes o\u00f9 se d\u00e9roulent les jeux et assister en direct aux finales passionnantes. <\/li>\n<li style=\"text-align: left;\">Le <strong>Super Bowl<\/strong> est la finale du championnat de football am\u00e9ricain aux \u00c9tats-Unis et l&rsquo;un des \u00e9v\u00e9nements sportifs les plus importants de l&rsquo;ann\u00e9e. Les fans et les entreprises affr\u00e8tent souvent des vols vers le site du jeu pour une exp\u00e9rience unique du Super Bowl. <\/li>\n<li style=\"text-align: left;\">Le <strong>Grand Prix de Formule 1<\/strong> se d\u00e9roule dans diff\u00e9rents pays du monde. Les amateurs de courses automobiles affr\u00e8tent souvent des vols pour assister \u00e0 ces \u00e9v\u00e9nements et profiter du frisson de la vitesse. <\/li>\n<\/ul>\n<p>[\/et_pb_text][\/et_pb_column][\/et_pb_row][et_pb_row _builder_version=\u00a0\u00bb4.21.0&Prime; _module_preset=\u00a0\u00bbdefault\u00a0\u00bb custom_margin=\u00a0\u00bb0px||18px||false|false\u00a0\u00bb custom_margin_tablet=\u00a0\u00bb-38px||18px||false|false\u00a0\u00bb custom_margin_phone=\u00a0\u00bb-38px||18px||false|false\u00a0\u00bb custom_margin_last_edited=\u00a0\u00bbon|phone\u00a0\u00bb global_colors_info=\u00a0\u00bb{}\u00a0\u00bb][et_pb_column type=\u00a0\u00bb4_4&Prime; _builder_version=\u00a0\u00bb4.21.0&Prime; _module_preset=\u00a0\u00bbdefault\u00a0\u00bb global_colors_info=\u00a0\u00bb{}\u00a0\u00bb][et_pb_button button_url=\u00a0\u00bb@ET-DC@eyJkeW5hbWljIjp0cnVlLCJjb250ZW50IjoicG9zdF9saW5rX3VybF9wYWdlIiwic2V0dGluZ3MiOnsicG9zdF9pZCI6IjIxNzA2OCJ9fQ==@\u00a0\u00bb button_text=\u00a0\u00bbDemander des informations\u00a0\u00bb button_alignment=\u00a0\u00bbcenter\u00a0\u00bb _builder_version=\u00a0\u00bb4.21.0&Prime; _dynamic_attributes=\u00a0\u00bbbutton_url\u00a0\u00bb _module_preset=\u00a0\u00bbdefault\u00a0\u00bb custom_button=\u00a0\u00bbon\u00a0\u00bb button_text_color=\u00a0\u00bb#003980&Prime; button_icon=\u00a0\u00bb&#xf072;||fa||900&Prime; positioning=\u00a0\u00bbrelative\u00a0\u00bb custom_margin=\u00a0\u00bb||0px||false|false\u00a0\u00bb locked=\u00a0\u00bboff\u00a0\u00bb global_colors_info=\u00a0\u00bb{}\u00a0\u00bb][\/et_pb_button][\/et_pb_column][\/et_pb_row][\/et_pb_section][et_pb_section fb_built=\u00a0\u00bb1&Prime; _builder_version=\u00a0\u00bb4.21.0&Prime; _module_preset=\u00a0\u00bbdefault\u00a0\u00bb custom_margin=\u00a0\u00bb||-179px|||\u00a0\u00bb custom_padding=\u00a0\u00bb||0px|||\u00a0\u00bb locked=\u00a0\u00bboff\u00a0\u00bb global_colors_info=\u00a0\u00bb{}\u00a0\u00bb][et_pb_row _builder_version=\u00a0\u00bb4.21.0&Prime; _module_preset=\u00a0\u00bbdefault\u00a0\u00bb vertical_offset=\u00a0\u00bb-127px\u00a0\u00bb global_colors_info=\u00a0\u00bb{}\u00a0\u00bb][et_pb_column type=\u00a0\u00bb4_4&Prime; _builder_version=\u00a0\u00bb4.21.0&Prime; _module_preset=\u00a0\u00bbdefault\u00a0\u00bb global_colors_info=\u00a0\u00bb{}\u00a0\u00bb][dsm_text_divider header=\u00a0\u00bbWindyJets\u00a0\u00bb admin_label=\u00a0\u00bbSupreme Text Divider\u00a0\u00bb _builder_version=\u00a0\u00bb4.21.0&Prime; _module_preset=\u00a0\u00bbdefault\u00a0\u00bb locked=\u00a0\u00bboff\u00a0\u00bb global_colors_info=\u00a0\u00bb{}\u00a0\u00bb][\/dsm_text_divider][ba_post_list include_categories=\u00a0\u00bb22&Prime; posts_number=\u00a0\u00bb12&Prime; show_excerpt=\u00a0\u00bboff\u00a0\u00bb list_type=\u00a0\u00bbgrid\u00a0\u00bb items=\u00a0\u00bb6&Prime; item_spacing=\u00a0\u00bb16px\u00a0\u00bb alignment=\u00a0\u00bbcenter\u00a0\u00bb image_width=\u00a0\u00bb164px\u00a0\u00bb image_height=\u00a0\u00bb146px\u00a0\u00bb image_spacing=\u00a0\u00bb16px\u00a0\u00bb items_tablet=\u00a0\u00bb2&Prime; items_phone=\u00a0\u00bb2&Prime; items_last_edited=\u00a0\u00bbon|phone\u00a0\u00bb _builder_version=\u00a0\u00bb4.21.0&Prime; _module_preset=\u00a0\u00bbdefault\u00a0\u00bb title_font_size=\u00a0\u00bb18px\u00a0\u00bb border_radii_image=\u00a0\u00bbon|12px|12px|12px|12px\u00a0\u00bb border_width_all_image=\u00a0\u00bb30px\u00a0\u00bb locked=\u00a0\u00bboff\u00a0\u00bb global_colors_info=\u00a0\u00bb{}\u00a0\u00bb][\/ba_post_list][\/et_pb_column][\/et_pb_row][\/et_pb_section]<\/p>\n","protected":false},"excerpt":{"rendered":"<p>La location de vols charters pour assister \u00e0 des \u00e9v\u00e9nements sportifs importants est une bonne option pour les fans et les \u00e9quipes sportives.<\/p>\n","protected":false},"author":2,"featured_media":225773,"comment_status":"closed","ping_status":"closed","sticky":false,"template":"","format":"standard","meta":{"_et_pb_use_builder":"on","_et_pb_old_content":"","_et_gb_content_width":"","footnotes":""},"categories":[102,101],"tags":[],"class_list":["post-219762","post","type-post","status-publish","format-standard","has-post-thumbnail","hentry","category-blog-fr","category-location-jet"],"yoast_head":"<!-- This site is optimized with the Yoast SEO plugin v22.6 - https:\/\/yoast.com\/wordpress\/plugins\/seo\/ -->\n<title>\u00c9v\u00e9nements sportifs sur vol charter - WindyJets<\/title>\n<meta name=\"description\" content=\"Aller \u00e0 de grands \u00e9v\u00e9nements sportifs. confortablement et facilement en louant un charter priv\u00e9 pour les groupes - Ligue des Champions, Coupe du Monde, Formule 1...\" \/>\n<meta name=\"robots\" content=\"index, follow, max-snippet:-1, max-image-preview:large, max-video-preview:-1\" \/>\n<link rel=\"canonical\" href=\"https:\/\/windyjets.com\/fr\/vols-evenements-sportifs\/\" \/>\n<meta property=\"og:locale\" content=\"fr_FR\" \/>\n<meta property=\"og:type\" content=\"article\" \/>\n<meta property=\"og:title\" content=\"\u00c9v\u00e9nements sportifs sur vol charter - WindyJets\" \/>\n<meta property=\"og:description\" content=\"Aller \u00e0 de grands \u00e9v\u00e9nements sportifs. confortablement et facilement en louant un charter priv\u00e9 pour les groupes - Ligue des Champions, Coupe du Monde, Formule 1...\" \/>\n<meta property=\"og:url\" content=\"https:\/\/windyjets.com\/fr\/vols-evenements-sportifs\/\" \/>\n<meta property=\"og:site_name\" content=\"WindyJets\" \/>\n<meta property=\"article:published_time\" content=\"2023-06-01T05:56:41+00:00\" \/>\n<meta property=\"article:modified_time\" content=\"2023-06-12T06:22:27+00:00\" \/>\n<meta property=\"og:image\" content=\"https:\/\/windyjets.com\/wp-content\/uploads\/2023\/05\/BOEING-717.jpg\" \/>\n\t<meta property=\"og:image:width\" content=\"1315\" \/>\n\t<meta property=\"og:image:height\" content=\"770\" \/>\n\t<meta property=\"og:image:type\" content=\"image\/jpeg\" \/>\n<meta name=\"author\" content=\"Merce\" \/>\n<meta name=\"twitter:card\" content=\"summary_large_image\" \/>\n<meta name=\"twitter:label1\" content=\"\u00c9crit par\" \/>\n\t<meta name=\"twitter:data1\" content=\"Merce\" \/>\n\t<meta name=\"twitter:label2\" content=\"Dur\u00e9e de lecture estim\u00e9e\" \/>\n\t<meta name=\"twitter:data2\" content=\"5 minutes\" \/>\n<script type=\"application\/ld+json\" class=\"yoast-schema-graph\">{\"@context\":\"https:\/\/schema.org\",\"@graph\":[{\"@type\":\"Article\",\"@id\":\"https:\/\/windyjets.com\/fr\/vols-evenements-sportifs\/#article\",\"isPartOf\":{\"@id\":\"https:\/\/windyjets.com\/fr\/vols-evenements-sportifs\/\"},\"author\":{\"name\":\"Merce\",\"@id\":\"https:\/\/windyjets.com\/fr\/#\/schema\/person\/670925590ec84c5e51396666b57d06b9\"},\"headline\":\"Voyager en avion priv\u00e9 vers des \u00e9v\u00e9nements sportifs\",\"datePublished\":\"2023-06-01T05:56:41+00:00\",\"dateModified\":\"2023-06-12T06:22:27+00:00\",\"mainEntityOfPage\":{\"@id\":\"https:\/\/windyjets.com\/fr\/vols-evenements-sportifs\/\"},\"wordCount\":1013,\"publisher\":{\"@id\":\"https:\/\/windyjets.com\/fr\/#organization\"},\"image\":{\"@id\":\"https:\/\/windyjets.com\/fr\/vols-evenements-sportifs\/#primaryimage\"},\"thumbnailUrl\":\"https:\/\/windyjets.com\/wp-content\/uploads\/2023\/06\/airbus-a319-large_tcm36-3642.jpg\",\"articleSection\":[\"Blog\",\"Location jet\"],\"inLanguage\":\"fr-FR\"},{\"@type\":\"WebPage\",\"@id\":\"https:\/\/windyjets.com\/fr\/vols-evenements-sportifs\/\",\"url\":\"https:\/\/windyjets.com\/fr\/vols-evenements-sportifs\/\",\"name\":\"\u00c9v\u00e9nements sportifs sur vol charter - WindyJets\",\"isPartOf\":{\"@id\":\"https:\/\/windyjets.com\/fr\/#website\"},\"primaryImageOfPage\":{\"@id\":\"https:\/\/windyjets.com\/fr\/vols-evenements-sportifs\/#primaryimage\"},\"image\":{\"@id\":\"https:\/\/windyjets.com\/fr\/vols-evenements-sportifs\/#primaryimage\"},\"thumbnailUrl\":\"https:\/\/windyjets.com\/wp-content\/uploads\/2023\/06\/airbus-a319-large_tcm36-3642.jpg\",\"datePublished\":\"2023-06-01T05:56:41+00:00\",\"dateModified\":\"2023-06-12T06:22:27+00:00\",\"description\":\"Aller \u00e0 de grands \u00e9v\u00e9nements sportifs. confortablement et facilement en louant un charter priv\u00e9 pour les groupes - Ligue des Champions, Coupe du Monde, Formule 1...\",\"breadcrumb\":{\"@id\":\"https:\/\/windyjets.com\/fr\/vols-evenements-sportifs\/#breadcrumb\"},\"inLanguage\":\"fr-FR\",\"potentialAction\":[{\"@type\":\"ReadAction\",\"target\":[\"https:\/\/windyjets.com\/fr\/vols-evenements-sportifs\/\"]}]},{\"@type\":\"ImageObject\",\"inLanguage\":\"fr-FR\",\"@id\":\"https:\/\/windyjets.com\/fr\/vols-evenements-sportifs\/#primaryimage\",\"url\":\"https:\/\/windyjets.com\/wp-content\/uploads\/2023\/06\/airbus-a319-large_tcm36-3642.jpg\",\"contentUrl\":\"https:\/\/windyjets.com\/wp-content\/uploads\/2023\/06\/airbus-a319-large_tcm36-3642.jpg\",\"width\":1024,\"height\":576,\"caption\":\"Alquilar Airbus a319\"},{\"@type\":\"BreadcrumbList\",\"@id\":\"https:\/\/windyjets.com\/fr\/vols-evenements-sportifs\/#breadcrumb\",\"itemListElement\":[{\"@type\":\"ListItem\",\"position\":1,\"name\":\"Portada\",\"item\":\"https:\/\/windyjets.com\/fr\/location-de-jet-prive\/\"},{\"@type\":\"ListItem\",\"position\":2,\"name\":\"Voyager en avion priv\u00e9 vers des \u00e9v\u00e9nements sportifs\"}]},{\"@type\":\"WebSite\",\"@id\":\"https:\/\/windyjets.com\/fr\/#website\",\"url\":\"https:\/\/windyjets.com\/fr\/\",\"name\":\"WindyJets\",\"description\":\"Alquiler Jets Privados\",\"publisher\":{\"@id\":\"https:\/\/windyjets.com\/fr\/#organization\"},\"alternateName\":\"Windy Jets\",\"potentialAction\":[{\"@type\":\"SearchAction\",\"target\":{\"@type\":\"EntryPoint\",\"urlTemplate\":\"https:\/\/windyjets.com\/fr\/?s={search_term_string}\"},\"query-input\":\"required name=search_term_string\"}],\"inLanguage\":\"fr-FR\"},{\"@type\":\"Organization\",\"@id\":\"https:\/\/windyjets.com\/fr\/#organization\",\"name\":\"WindyJets\",\"alternateName\":\"Windy Jets\",\"url\":\"https:\/\/windyjets.com\/fr\/\",\"logo\":{\"@type\":\"ImageObject\",\"inLanguage\":\"fr-FR\",\"@id\":\"https:\/\/windyjets.com\/fr\/#\/schema\/logo\/image\/\",\"url\":\"https:\/\/windyjets.com\/wp-content\/uploads\/2023\/05\/logo-windyjets.png\",\"contentUrl\":\"https:\/\/windyjets.com\/wp-content\/uploads\/2023\/05\/logo-windyjets.png\",\"width\":1400,\"height\":250,\"caption\":\"WindyJets\"},\"image\":{\"@id\":\"https:\/\/windyjets.com\/fr\/#\/schema\/logo\/image\/\"}},{\"@type\":\"Person\",\"@id\":\"https:\/\/windyjets.com\/fr\/#\/schema\/person\/670925590ec84c5e51396666b57d06b9\",\"name\":\"Merce\",\"image\":{\"@type\":\"ImageObject\",\"inLanguage\":\"fr-FR\",\"@id\":\"https:\/\/windyjets.com\/fr\/#\/schema\/person\/image\/\",\"url\":\"https:\/\/secure.gravatar.com\/avatar\/8ebb4522bbe208c6b9cd4eff82f35c07a4c25e9446688402c20a7b6570acdb11?s=96&d=mm&r=g\",\"contentUrl\":\"https:\/\/secure.gravatar.com\/avatar\/8ebb4522bbe208c6b9cd4eff82f35c07a4c25e9446688402c20a7b6570acdb11?s=96&d=mm&r=g\",\"caption\":\"Merce\"}}]}<\/script>\n<!-- \/ Yoast SEO plugin. -->","yoast_head_json":{"title":"\u00c9v\u00e9nements sportifs sur vol charter - WindyJets","description":"Aller \u00e0 de grands \u00e9v\u00e9nements sportifs. confortablement et facilement en louant un charter priv\u00e9 pour les groupes - Ligue des Champions, Coupe du Monde, Formule 1...","robots":{"index":"index","follow":"follow","max-snippet":"max-snippet:-1","max-image-preview":"max-image-preview:large","max-video-preview":"max-video-preview:-1"},"canonical":"https:\/\/windyjets.com\/fr\/vols-evenements-sportifs\/","og_locale":"fr_FR","og_type":"article","og_title":"\u00c9v\u00e9nements sportifs sur vol charter - WindyJets","og_description":"Aller \u00e0 de grands \u00e9v\u00e9nements sportifs. confortablement et facilement en louant un charter priv\u00e9 pour les groupes - Ligue des Champions, Coupe du Monde, Formule 1...","og_url":"https:\/\/windyjets.com\/fr\/vols-evenements-sportifs\/","og_site_name":"WindyJets","article_published_time":"2023-06-01T05:56:41+00:00","article_modified_time":"2023-06-12T06:22:27+00:00","og_image":[{"width":1315,"height":770,"url":"https:\/\/windyjets.com\/wp-content\/uploads\/2023\/05\/BOEING-717.jpg","type":"image\/jpeg"}],"author":"Merce","twitter_card":"summary_large_image","twitter_misc":{"\u00c9crit par":"Merce","Dur\u00e9e de lecture estim\u00e9e":"5 minutes"},"schema":{"@context":"https:\/\/schema.org","@graph":[{"@type":"Article","@id":"https:\/\/windyjets.com\/fr\/vols-evenements-sportifs\/#article","isPartOf":{"@id":"https:\/\/windyjets.com\/fr\/vols-evenements-sportifs\/"},"author":{"name":"Merce","@id":"https:\/\/windyjets.com\/fr\/#\/schema\/person\/670925590ec84c5e51396666b57d06b9"},"headline":"Voyager en avion priv\u00e9 vers des \u00e9v\u00e9nements sportifs","datePublished":"2023-06-01T05:56:41+00:00","dateModified":"2023-06-12T06:22:27+00:00","mainEntityOfPage":{"@id":"https:\/\/windyjets.com\/fr\/vols-evenements-sportifs\/"},"wordCount":1013,"publisher":{"@id":"https:\/\/windyjets.com\/fr\/#organization"},"image":{"@id":"https:\/\/windyjets.com\/fr\/vols-evenements-sportifs\/#primaryimage"},"thumbnailUrl":"https:\/\/windyjets.com\/wp-content\/uploads\/2023\/06\/airbus-a319-large_tcm36-3642.jpg","articleSection":["Blog","Location jet"],"inLanguage":"fr-FR"},{"@type":"WebPage","@id":"https:\/\/windyjets.com\/fr\/vols-evenements-sportifs\/","url":"https:\/\/windyjets.com\/fr\/vols-evenements-sportifs\/","name":"\u00c9v\u00e9nements sportifs sur vol charter - WindyJets","isPartOf":{"@id":"https:\/\/windyjets.com\/fr\/#website"},"primaryImageOfPage":{"@id":"https:\/\/windyjets.com\/fr\/vols-evenements-sportifs\/#primaryimage"},"image":{"@id":"https:\/\/windyjets.com\/fr\/vols-evenements-sportifs\/#primaryimage"},"thumbnailUrl":"https:\/\/windyjets.com\/wp-content\/uploads\/2023\/06\/airbus-a319-large_tcm36-3642.jpg","datePublished":"2023-06-01T05:56:41+00:00","dateModified":"2023-06-12T06:22:27+00:00","description":"Aller \u00e0 de grands \u00e9v\u00e9nements sportifs. confortablement et facilement en louant un charter priv\u00e9 pour les groupes - Ligue des Champions, Coupe du Monde, Formule 1...","breadcrumb":{"@id":"https:\/\/windyjets.com\/fr\/vols-evenements-sportifs\/#breadcrumb"},"inLanguage":"fr-FR","potentialAction":[{"@type":"ReadAction","target":["https:\/\/windyjets.com\/fr\/vols-evenements-sportifs\/"]}]},{"@type":"ImageObject","inLanguage":"fr-FR","@id":"https:\/\/windyjets.com\/fr\/vols-evenements-sportifs\/#primaryimage","url":"https:\/\/windyjets.com\/wp-content\/uploads\/2023\/06\/airbus-a319-large_tcm36-3642.jpg","contentUrl":"https:\/\/windyjets.com\/wp-content\/uploads\/2023\/06\/airbus-a319-large_tcm36-3642.jpg","width":1024,"height":576,"caption":"Alquilar Airbus a319"},{"@type":"BreadcrumbList","@id":"https:\/\/windyjets.com\/fr\/vols-evenements-sportifs\/#breadcrumb","itemListElement":[{"@type":"ListItem","position":1,"name":"Portada","item":"https:\/\/windyjets.com\/fr\/location-de-jet-prive\/"},{"@type":"ListItem","position":2,"name":"Voyager en avion priv\u00e9 vers des \u00e9v\u00e9nements sportifs"}]},{"@type":"WebSite","@id":"https:\/\/windyjets.com\/fr\/#website","url":"https:\/\/windyjets.com\/fr\/","name":"WindyJets","description":"Alquiler Jets Privados","publisher":{"@id":"https:\/\/windyjets.com\/fr\/#organization"},"alternateName":"Windy Jets","potentialAction":[{"@type":"SearchAction","target":{"@type":"EntryPoint","urlTemplate":"https:\/\/windyjets.com\/fr\/?s={search_term_string}"},"query-input":"required name=search_term_string"}],"inLanguage":"fr-FR"},{"@type":"Organization","@id":"https:\/\/windyjets.com\/fr\/#organization","name":"WindyJets","alternateName":"Windy Jets","url":"https:\/\/windyjets.com\/fr\/","logo":{"@type":"ImageObject","inLanguage":"fr-FR","@id":"https:\/\/windyjets.com\/fr\/#\/schema\/logo\/image\/","url":"https:\/\/windyjets.com\/wp-content\/uploads\/2023\/05\/logo-windyjets.png","contentUrl":"https:\/\/windyjets.com\/wp-content\/uploads\/2023\/05\/logo-windyjets.png","width":1400,"height":250,"caption":"WindyJets"},"image":{"@id":"https:\/\/windyjets.com\/fr\/#\/schema\/logo\/image\/"}},{"@type":"Person","@id":"https:\/\/windyjets.com\/fr\/#\/schema\/person\/670925590ec84c5e51396666b57d06b9","name":"Merce","image":{"@type":"ImageObject","inLanguage":"fr-FR","@id":"https:\/\/windyjets.com\/fr\/#\/schema\/person\/image\/","url":"https:\/\/secure.gravatar.com\/avatar\/8ebb4522bbe208c6b9cd4eff82f35c07a4c25e9446688402c20a7b6570acdb11?s=96&d=mm&r=g","contentUrl":"https:\/\/secure.gravatar.com\/avatar\/8ebb4522bbe208c6b9cd4eff82f35c07a4c25e9446688402c20a7b6570acdb11?s=96&d=mm&r=g","caption":"Merce"}}]}},"_links":{"self":[{"href":"https:\/\/windyjets.com\/fr\/wp-json\/wp\/v2\/posts\/219762","targetHints":{"allow":["GET"]}}],"collection":[{"href":"https:\/\/windyjets.com\/fr\/wp-json\/wp\/v2\/posts"}],"about":[{"href":"https:\/\/windyjets.com\/fr\/wp-json\/wp\/v2\/types\/post"}],"author":[{"embeddable":true,"href":"https:\/\/windyjets.com\/fr\/wp-json\/wp\/v2\/users\/2"}],"replies":[{"embeddable":true,"href":"https:\/\/windyjets.com\/fr\/wp-json\/wp\/v2\/comments?post=219762"}],"version-history":[{"count":5,"href":"https:\/\/windyjets.com\/fr\/wp-json\/wp\/v2\/posts\/219762\/revisions"}],"predecessor-version":[{"id":219767,"href":"https:\/\/windyjets.com\/fr\/wp-json\/wp\/v2\/posts\/219762\/revisions\/219767"}],"wp:featuredmedia":[{"embeddable":true,"href":"https:\/\/windyjets.com\/fr\/wp-json\/wp\/v2\/media\/225773"}],"wp:attachment":[{"href":"https:\/\/windyjets.com\/fr\/wp-json\/wp\/v2\/media?parent=219762"}],"wp:term":[{"taxonomy":"category","embeddable":true,"href":"https:\/\/windyjets.com\/fr\/wp-json\/wp\/v2\/categories?post=219762"},{"taxonomy":"post_tag","embeddable":true,"href":"https:\/\/windyjets.com\/fr\/wp-json\/wp\/v2\/tags?post=219762"}],"curies":[{"name":"wp","href":"https:\/\/api.w.org\/{rel}","templated":true}]}}