{"id":224639,"date":"2023-05-15T06:23:22","date_gmt":"2023-05-15T06:23:22","guid":{"rendered":"https:\/\/windyjets.com\/preco-de-aluguel-de-jato-particular\/"},"modified":"2023-06-23T10:36:48","modified_gmt":"2023-06-23T10:36:48","slug":"preco-de-aluguel-de-jato-particular","status":"publish","type":"post","link":"https:\/\/windyjets.com\/pt-pt\/preco-de-aluguel-de-jato-particular\/","title":{"rendered":"Quanto custa alugar um jato particular"},"content":{"rendered":"<p>[et_pb_section fb_built=&#8221;1&#8243; _builder_version=&#8221;4.21.0&#8243; _module_preset=&#8221;default&#8221; top_divider_style=&#8221;ramp2&#8243; top_divider_color=&#8221;#003890&#8243; top_divider_height=&#8221;42px&#8221; global_colors_info=&#8221;{}&#8221;][et_pb_row _builder_version=&#8221;4.21.0&#8243; _module_preset=&#8221;default&#8221; border_width_bottom=&#8221;1px&#8221; border_color_bottom=&#8221;#003890&#8243; global_colors_info=&#8221;{}&#8221;][et_pb_column type=&#8221;4_4&#8243; _builder_version=&#8221;4.21.0&#8243; _module_preset=&#8221;default&#8221; global_colors_info=&#8221;{}&#8221;][et_pb_text _builder_version=&#8221;4.21.0&#8243; _module_preset=&#8221;default&#8221; header_font_size=&#8221;40px&#8221; global_colors_info=&#8221;{}&#8221;]<\/p>\n<h1>Quanto custa fretar um jato particular?<\/h1>\n<p>[\/et_pb_text][\/et_pb_column][\/et_pb_row][et_pb_row column_structure=&#8221;1_2,1_2&#8243; _builder_version=&#8221;4.21.0&#8243; _module_preset=&#8221;default&#8221; module_alignment=&#8221;center&#8221; global_colors_info=&#8221;{}&#8221;][et_pb_column type=&#8221;1_2&#8243; _builder_version=&#8221;4.21.0&#8243; _module_preset=&#8221;default&#8221; global_colors_info=&#8221;{}&#8221;][et_pb_image src=&#8221;https:\/\/windyjets.com\/wp-content\/uploads\/2023\/05\/Cessna-Citation-Mustang.jpg&#8221; alt=&#8221;Os VIPs e os avi\u00f5es privados&#8221; title_text=&#8221;Cessna-Citation-Mustang&#8221; _builder_version=&#8221;4.21.0&#8243; _module_preset=&#8221;default&#8221; global_colors_info=&#8221;{}&#8221;][\/et_pb_image][\/et_pb_column][et_pb_column type=&#8221;1_2&#8243; _builder_version=&#8221;4.21.0&#8243; _module_preset=&#8221;default&#8221; global_colors_info=&#8221;{}&#8221;][et_pb_text admin_label=&#8221;Titulo: Viajar con mascotas&#8221; _builder_version=&#8221;4.21.0&#8243; _module_preset=&#8221;default&#8221; text_text_color=&#8221;#003890&#8243; text_font_size=&#8221;36px&#8221; header_text_align=&#8221;center&#8221; header_2_text_align=&#8221;center&#8221; header_2_text_color=&#8221;#003890&#8243; positioning=&#8221;relative&#8221; horizontal_offset=&#8221;0px&#8221; vertical_offset_tablet=&#8221;75px&#8221; vertical_offset_phone=&#8221;0px&#8221; vertical_offset_last_edited=&#8221;on|phone&#8221; custom_padding=&#8221;|||0px|false|false&#8221; header_font_size_tablet=&#8221;40px&#8221; header_font_size_phone=&#8221;25px&#8221; header_font_size_last_edited=&#8221;on|desktop&#8221; global_colors_info=&#8221;{}&#8221;]<\/p>\n<h2><span>Pre\u00e7o de aluguel de jato particular<\/span><\/h2>\n<p>[\/et_pb_text][et_pb_text _builder_version=&#8221;4.21.0&#8243; _module_preset=&#8221;default&#8221; text_font=&#8221;||||||||&#8221; text_text_color=&#8221;#003890&#8243; text_font_size=&#8221;20px&#8221; positioning=&#8221;relative&#8221; vertical_offset=&#8221;0px&#8221; vertical_offset_tablet=&#8221;65px&#8221; vertical_offset_phone=&#8221;0px&#8221; vertical_offset_last_edited=&#8221;on|phone&#8221; custom_margin=&#8221;|||0px|false|false&#8221; custom_margin_tablet=&#8221;|||0px|false|false&#8221; custom_margin_phone=&#8221;0px|||0px|false|false&#8221; custom_margin_last_edited=&#8221;on|phone&#8221; custom_padding=&#8221;||0px||false|false&#8221; custom_padding_tablet=&#8221;||74px|||&#8221; custom_padding_phone=&#8221;||0px||false|false&#8221; custom_padding_last_edited=&#8221;on|phone&#8221; global_colors_info=&#8221;{}&#8221;]<\/p>\n<p style=\"text-align: left;\"><span>Os fretamentos de <strong>jatos particulares<\/strong> deixaram de ser exclusivos para poucos privilegiados e se tornaram uma op\u00e7\u00e3o mais acess\u00edvel para quem busca uma experi\u00eancia de viagem luxuosa e personalizada. Certamente voc\u00ea j\u00e1 se perguntou quanto custa alugar um avi\u00e3o particular.  <br \/>Vamos explorar os pre\u00e7os associados ao fretamento de jatos particulares e os fatores que os influenciam, permitindo que voc\u00ea entenda melhor as op\u00e7\u00f5es dispon\u00edveis e tome decis\u00f5es informadas ao planejar sua pr\u00f3xima viagem.<\/span><\/p>\n<p>[\/et_pb_text][\/et_pb_column][\/et_pb_row][et_pb_row column_structure=&#8221;1_2,1_2&#8243; _builder_version=&#8221;4.21.0&#8243; _module_preset=&#8221;default&#8221; global_colors_info=&#8221;{}&#8221;][et_pb_column type=&#8221;1_2&#8243; _builder_version=&#8221;4.21.0&#8243; _module_preset=&#8221;default&#8221; global_colors_info=&#8221;{}&#8221;][et_pb_text _builder_version=&#8221;4.21.0&#8243; _module_preset=&#8221;default&#8221; text_font=&#8221;||||||||&#8221; text_text_color=&#8221;#003890&#8243; text_font_size=&#8221;16px&#8221; background_enable_pattern_style=&#8221;on&#8221; background_pattern_style=&#8221;zig-zag&#8221; background_pattern_color=&#8221;rgba(0,56,144,0.03)&#8221; background_pattern_transform=&#8221;flip_vertical|rotate_90_degree|invert|flip_horizontal&#8221; background_pattern_size=&#8221;stretch&#8221; custom_padding=&#8221;15px|||||&#8221; global_colors_info=&#8221;{}&#8221;]<\/p>\n<p style=\"text-align: left;\">O <strong>tamanho e a capacidade do jato particular<\/strong> s\u00e3o fatores determinantes no pre\u00e7o de um fretamento de jato particular. Avi\u00f5es menores, como jatos leves, costumam ser mais acess\u00edveis, enquanto avi\u00f5es maiores, como jatos executivos ou jatos de longo alcance, t\u00eam um custo de aluguel mais alto devido \u00e0 sua capacidade de passageiros e alcance. <\/p>\n<p style=\"text-align: left;\"><strong>A dist\u00e2ncia que ser\u00e1 percorrida durante o voo<\/strong> tamb\u00e9m afeta o pre\u00e7o do aluguel do avi\u00e3o particular. Quanto mais longe o destino, mais caro ser\u00e1 o voo devido ao maior consumo de combust\u00edvel e poss\u00edveis cobran\u00e7as adicionais relacionadas a licen\u00e7as de voo e taxas de pouso em diferentes aeroportos. <\/p>\n<p style=\"text-align: left;\"><strong>A dura\u00e7\u00e3o do voo,<\/strong> incluindo os tempos de espera no aeroporto, tamb\u00e9m influencia o pre\u00e7o do aluguel de um avi\u00e3o. O aluguel geralmente \u00e9 calculado por hora de voo, portanto um voo mais longo exigir\u00e1 um or\u00e7amento maior, por isso \u00e9 importante verificar qual \u00e9 o pre\u00e7o por hora do aluguel de um jato particular. <\/p>\n<p>[\/et_pb_text][\/et_pb_column][et_pb_column type=&#8221;1_2&#8243; _builder_version=&#8221;4.21.0&#8243; _module_preset=&#8221;default&#8221; global_colors_info=&#8221;{}&#8221;][et_pb_image src=&#8221;https:\/\/windyjets.com\/wp-content\/uploads\/2023\/05\/Beechcraft-King-Air-350-350-i-2.jpg&#8221; alt=&#8221;Viaje com seu cachorro em um jato particular&#8221; title_text=&#8221;Beechcraft King Air 350 350 i-2&#8243; _builder_version=&#8221;4.21.0&#8243; _module_preset=&#8221;default&#8221; custom_margin=&#8221;28px||||false|false&#8221; global_colors_info=&#8221;{}&#8221;][\/et_pb_image][\/et_pb_column][\/et_pb_row][et_pb_row _builder_version=&#8221;4.21.0&#8243; _module_preset=&#8221;default&#8221; global_colors_info=&#8221;{}&#8221;][et_pb_column type=&#8221;4_4&#8243; _builder_version=&#8221;4.21.0&#8243; _module_preset=&#8221;default&#8221; global_colors_info=&#8221;{}&#8221;][et_pb_text _builder_version=&#8221;4.21.0&#8243; _module_preset=&#8221;default&#8221; text_font=&#8221;||||||||&#8221; text_text_color=&#8221;#003890&#8243; text_font_size=&#8221;16px&#8221; global_colors_info=&#8221;{}&#8221;]<\/p>\n<p style=\"text-align: left;\">Como em outros servi\u00e7os tur\u00edsticos, <strong>a temporada e a demanda<\/strong> afetam o pre\u00e7o de um jato particular fretado. Durante per\u00edodos de alta demanda, como feriados ou eventos especiais, os pre\u00e7os costumam ser mais altos. Na baixa temporada, voc\u00ea pode encontrar pre\u00e7os mais baratos ao alugar jatos particulares. Al\u00e9m disso, a disponibilidade de aeronaves tamb\u00e9m pode influenciar no custo, j\u00e1 que as aeronaves mais populares podem ser reservadas com anteced\u00eancia.   <\/p>\n<p style=\"text-align: left;\">Alguns <strong>servi\u00e7os adicionais<\/strong>, como catering personalizado, tripula\u00e7\u00e3o adicional ou transporte terrestre, podem ter um custo adicional. Esses servi\u00e7os s\u00e3o projetados para proporcionar uma experi\u00eancia de voo mais luxuosa e personalizada, mas \u00e9 importante solicitar tarifas a serem consideradas ao calcular o or\u00e7amento total do fretamento do jato particular. <\/p>\n<p>[\/et_pb_text][\/et_pb_column][\/et_pb_row][et_pb_row _builder_version=&#8221;4.21.0&#8243; _module_preset=&#8221;default&#8221; border_width_all=&#8221;1px&#8221; border_color_all=&#8221;#003890&#8243; global_colors_info=&#8221;{}&#8221;][et_pb_column type=&#8221;4_4&#8243; _builder_version=&#8221;4.21.0&#8243; _module_preset=&#8221;default&#8221; global_colors_info=&#8221;{}&#8221;][et_pb_text _builder_version=&#8221;4.21.0&#8243; _module_preset=&#8221;default&#8221; text_font=&#8221;||||||||&#8221; text_text_color=&#8221;#003890&#8243; text_font_size=&#8221;16px&#8221; custom_padding=&#8221;|15px||15px|false|true&#8221; global_colors_info=&#8221;{}&#8221;]<\/p>\n<h2 style=\"text-align: left;\">Pre\u00e7o de aluguel de jato particular<\/h2>\n<p style=\"text-align: left;\">Os <strong>pre\u00e7os de fretamento de jato particular<\/strong> podem variar com base em v\u00e1rios fatores, incluindo tipo de aeronave, dura\u00e7\u00e3o do voo, temporada e disponibilidade. Abaixo est\u00e3o exemplos de pre\u00e7os aproximados em euros para jatos particulares: <\/p>\n<ul>\n<li>\n<p style=\"text-align: left;\">O aluguel de um <strong>jato leve<\/strong> pode variar de \u20ac 1.800 a \u20ac 4.500 por hora de voo.<\/p>\n<\/li>\n<li>\n<p style=\"text-align: left;\">Os <strong>jatos executivos<\/strong> de m\u00e9dio porte podem ter pre\u00e7os que variam de \u20ac 4.500 a \u20ac 9.000 por hora de voo.<\/p>\n<\/li>\n<li>\n<p style=\"text-align: left;\">Ideal para voos internacionais, os <strong>jatos de longo alcance<\/strong> podem variar de \u20ac 9.000 a \u20ac 22.000 ou mais por hora de voo.<\/p>\n<\/li>\n<\/ul>\n<p style=\"text-align: left;\">\u00c9 importante observar que <strong>esses pre\u00e7os s\u00e3o aproximados e podem variar significativamente<\/strong> dependendo dos fatores mencionados acima. Al\u00e9m disso, taxas adicionais podem ser aplicadas para servi\u00e7os auxiliares e necessidades espec\u00edficas de cada viagem. Contacte-nos para cota\u00e7\u00f5es precisas adaptadas \u00e0s suas necessidades individuais.  <\/p>\n<p>[\/et_pb_text][\/et_pb_column][\/et_pb_row][et_pb_row _builder_version=&#8221;4.21.0&#8243; _module_preset=&#8221;default&#8221; custom_margin=&#8221;0px||18px||false|false&#8221; custom_margin_tablet=&#8221;-38px||18px||false|false&#8221; custom_margin_phone=&#8221;-38px||18px||false|false&#8221; custom_margin_last_edited=&#8221;on|phone&#8221; global_colors_info=&#8221;{}&#8221;][et_pb_column type=&#8221;4_4&#8243; _builder_version=&#8221;4.21.0&#8243; _module_preset=&#8221;default&#8221; global_colors_info=&#8221;{}&#8221;][et_pb_button button_url=&#8221;@ET-DC@eyJkeW5hbWljIjp0cnVlLCJjb250ZW50IjoicG9zdF9saW5rX3VybF9wYWdlIiwic2V0dGluZ3MiOnsicG9zdF9pZCI6IjIxNzA2OCJ9fQ==@&#8221; button_text=&#8221;Solicitar informa\u00e7\u00e3o&#8221; button_alignment=&#8221;center&#8221; _builder_version=&#8221;4.21.0&#8243; _dynamic_attributes=&#8221;button_url&#8221; _module_preset=&#8221;default&#8221; custom_button=&#8221;on&#8221; button_text_color=&#8221;#003980&#8243; button_icon=&#8221;&#xf072;||fa||900&#8243; positioning=&#8221;relative&#8221; custom_margin=&#8221;||0px||false|false&#8221; locked=&#8221;off&#8221; global_colors_info=&#8221;{}&#8221;][\/et_pb_button][\/et_pb_column][\/et_pb_row][\/et_pb_section][et_pb_section fb_built=&#8221;1&#8243; _builder_version=&#8221;4.21.0&#8243; _module_preset=&#8221;default&#8221; custom_margin=&#8221;||-179px|||&#8221; custom_padding=&#8221;||0px|||&#8221; locked=&#8221;off&#8221; global_colors_info=&#8221;{}&#8221;][et_pb_row _builder_version=&#8221;4.21.0&#8243; _module_preset=&#8221;default&#8221; vertical_offset=&#8221;-127px&#8221; global_colors_info=&#8221;{}&#8221;][et_pb_column type=&#8221;4_4&#8243; _builder_version=&#8221;4.21.0&#8243; _module_preset=&#8221;default&#8221; global_colors_info=&#8221;{}&#8221;][dsm_text_divider header=&#8221;WindyJets&#8221; admin_label=&#8221;Supreme Text Divider&#8221; _builder_version=&#8221;4.21.0&#8243; _module_preset=&#8221;default&#8221; locked=&#8221;off&#8221; global_colors_info=&#8221;{}&#8221;][\/dsm_text_divider][ba_post_list include_categories=&#8221;22&#8243; posts_number=&#8221;12&#8243; show_excerpt=&#8221;off&#8221; list_type=&#8221;grid&#8221; items=&#8221;6&#8243; item_spacing=&#8221;16px&#8221; alignment=&#8221;center&#8221; image_width=&#8221;164px&#8221; image_height=&#8221;146px&#8221; image_spacing=&#8221;16px&#8221; items_tablet=&#8221;2&#8243; items_phone=&#8221;2&#8243; items_last_edited=&#8221;on|phone&#8221; _builder_version=&#8221;4.21.0&#8243; _module_preset=&#8221;default&#8221; title_font_size=&#8221;18px&#8221; border_radii_image=&#8221;on|12px|12px|12px|12px&#8221; border_width_all_image=&#8221;30px&#8221; locked=&#8221;off&#8221; global_colors_info=&#8221;{}&#8221;][\/ba_post_list][\/et_pb_column][\/et_pb_row][\/et_pb_section]<\/p>\n","protected":false},"excerpt":{"rendered":"<p>Vamos explorar os pre\u00e7os dos fretamentos de jatos particulares e os fatores que os influenciam. Luxo e conforto sob medida. <\/p>\n","protected":false},"author":2,"featured_media":223516,"comment_status":"closed","ping_status":"closed","sticky":false,"template":"","format":"standard","meta":{"_et_pb_use_builder":"on","_et_pb_old_content":"","_et_gb_content_width":"","footnotes":""},"categories":[239],"tags":[],"class_list":["post-224639","post","type-post","status-publish","format-standard","has-post-thumbnail","hentry","category-blog-pt-pt"],"yoast_head":"<!-- This site is optimized with the Yoast SEO plugin v22.6 - https:\/\/yoast.com\/wordpress\/plugins\/seo\/ -->\n<title>O pre\u00e7o do aluguel de um jato particular - WindyJets<\/title>\n<meta name=\"description\" content=\"Quanto custa alugar um jato particular? O pre\u00e7o de um jato particular fretado depende de v\u00e1rios fatores. Descubra qual \u00e9 o custo do aluguel de avia\u00e7\u00e3o privada.\" \/>\n<meta name=\"robots\" content=\"index, follow, max-snippet:-1, max-image-preview:large, max-video-preview:-1\" \/>\n<link rel=\"canonical\" href=\"https:\/\/windyjets.com\/pt-pt\/preco-de-aluguel-de-jato-particular\/\" \/>\n<meta property=\"og:locale\" content=\"pt_PT\" \/>\n<meta property=\"og:type\" content=\"article\" \/>\n<meta property=\"og:title\" content=\"O pre\u00e7o do aluguel de um jato particular - WindyJets\" \/>\n<meta property=\"og:description\" content=\"Quanto custa alugar um jato particular? O pre\u00e7o de um jato particular fretado depende de v\u00e1rios fatores. Descubra qual \u00e9 o custo do aluguel de avia\u00e7\u00e3o privada.\" \/>\n<meta property=\"og:url\" content=\"https:\/\/windyjets.com\/pt-pt\/preco-de-aluguel-de-jato-particular\/\" \/>\n<meta property=\"og:site_name\" content=\"WindyJets\" \/>\n<meta property=\"article:published_time\" content=\"2023-05-15T06:23:22+00:00\" \/>\n<meta property=\"article:modified_time\" content=\"2023-06-23T10:36:48+00:00\" \/>\n<meta property=\"og:image\" content=\"https:\/\/windyjets.com\/wp-content\/uploads\/2023\/05\/Beechcraft-King-Air-350-350-i.jpg\" \/>\n\t<meta property=\"og:image:width\" content=\"900\" \/>\n\t<meta property=\"og:image:height\" content=\"527\" \/>\n\t<meta property=\"og:image:type\" content=\"image\/jpeg\" \/>\n<meta name=\"author\" content=\"Merce\" \/>\n<meta name=\"twitter:card\" content=\"summary_large_image\" \/>\n<meta name=\"twitter:label1\" content=\"Escrito por\" \/>\n\t<meta name=\"twitter:data1\" content=\"Merce\" \/>\n\t<meta name=\"twitter:label2\" content=\"Tempo estimado de leitura\" \/>\n\t<meta name=\"twitter:data2\" content=\"7 minutos\" \/>\n<script type=\"application\/ld+json\" class=\"yoast-schema-graph\">{\"@context\":\"https:\/\/schema.org\",\"@graph\":[{\"@type\":\"Article\",\"@id\":\"https:\/\/windyjets.com\/pt-pt\/preco-de-aluguel-de-jato-particular\/#article\",\"isPartOf\":{\"@id\":\"https:\/\/windyjets.com\/pt-pt\/preco-de-aluguel-de-jato-particular\/\"},\"author\":{\"name\":\"Merce\",\"@id\":\"https:\/\/windyjets.com\/pt-pt\/#\/schema\/person\/670925590ec84c5e51396666b57d06b9\"},\"headline\":\"Quanto custa alugar um jato particular\",\"datePublished\":\"2023-05-15T06:23:22+00:00\",\"dateModified\":\"2023-06-23T10:36:48+00:00\",\"mainEntityOfPage\":{\"@id\":\"https:\/\/windyjets.com\/pt-pt\/preco-de-aluguel-de-jato-particular\/\"},\"wordCount\":1412,\"publisher\":{\"@id\":\"https:\/\/windyjets.com\/pt-pt\/#organization\"},\"image\":{\"@id\":\"https:\/\/windyjets.com\/pt-pt\/preco-de-aluguel-de-jato-particular\/#primaryimage\"},\"thumbnailUrl\":\"https:\/\/windyjets.com\/wp-content\/uploads\/2023\/05\/Beechcraft-King-Air-350-350-i.jpg\",\"articleSection\":[\"Blog\"],\"inLanguage\":\"pt-PT\"},{\"@type\":\"WebPage\",\"@id\":\"https:\/\/windyjets.com\/pt-pt\/preco-de-aluguel-de-jato-particular\/\",\"url\":\"https:\/\/windyjets.com\/pt-pt\/preco-de-aluguel-de-jato-particular\/\",\"name\":\"O pre\u00e7o do aluguel de um jato particular - WindyJets\",\"isPartOf\":{\"@id\":\"https:\/\/windyjets.com\/pt-pt\/#website\"},\"primaryImageOfPage\":{\"@id\":\"https:\/\/windyjets.com\/pt-pt\/preco-de-aluguel-de-jato-particular\/#primaryimage\"},\"image\":{\"@id\":\"https:\/\/windyjets.com\/pt-pt\/preco-de-aluguel-de-jato-particular\/#primaryimage\"},\"thumbnailUrl\":\"https:\/\/windyjets.com\/wp-content\/uploads\/2023\/05\/Beechcraft-King-Air-350-350-i.jpg\",\"datePublished\":\"2023-05-15T06:23:22+00:00\",\"dateModified\":\"2023-06-23T10:36:48+00:00\",\"description\":\"Quanto custa alugar um jato particular? O pre\u00e7o de um jato particular fretado depende de v\u00e1rios fatores. Descubra qual \u00e9 o custo do aluguel de avia\u00e7\u00e3o privada.\",\"breadcrumb\":{\"@id\":\"https:\/\/windyjets.com\/pt-pt\/preco-de-aluguel-de-jato-particular\/#breadcrumb\"},\"inLanguage\":\"pt-PT\",\"potentialAction\":[{\"@type\":\"ReadAction\",\"target\":[\"https:\/\/windyjets.com\/pt-pt\/preco-de-aluguel-de-jato-particular\/\"]}]},{\"@type\":\"ImageObject\",\"inLanguage\":\"pt-PT\",\"@id\":\"https:\/\/windyjets.com\/pt-pt\/preco-de-aluguel-de-jato-particular\/#primaryimage\",\"url\":\"https:\/\/windyjets.com\/wp-content\/uploads\/2023\/05\/Beechcraft-King-Air-350-350-i.jpg\",\"contentUrl\":\"https:\/\/windyjets.com\/wp-content\/uploads\/2023\/05\/Beechcraft-King-Air-350-350-i.jpg\",\"width\":900,\"height\":527},{\"@type\":\"BreadcrumbList\",\"@id\":\"https:\/\/windyjets.com\/pt-pt\/preco-de-aluguel-de-jato-particular\/#breadcrumb\",\"itemListElement\":[{\"@type\":\"ListItem\",\"position\":1,\"name\":\"Portada\",\"item\":\"https:\/\/windyjets.com\/pt-pt\/jactos-privados\/\"},{\"@type\":\"ListItem\",\"position\":2,\"name\":\"Quanto custa alugar um jato particular\"}]},{\"@type\":\"WebSite\",\"@id\":\"https:\/\/windyjets.com\/pt-pt\/#website\",\"url\":\"https:\/\/windyjets.com\/pt-pt\/\",\"name\":\"WindyJets\",\"description\":\"Alquiler Jets Privados\",\"publisher\":{\"@id\":\"https:\/\/windyjets.com\/pt-pt\/#organization\"},\"alternateName\":\"Windy Jets\",\"potentialAction\":[{\"@type\":\"SearchAction\",\"target\":{\"@type\":\"EntryPoint\",\"urlTemplate\":\"https:\/\/windyjets.com\/pt-pt\/?s={search_term_string}\"},\"query-input\":\"required name=search_term_string\"}],\"inLanguage\":\"pt-PT\"},{\"@type\":\"Organization\",\"@id\":\"https:\/\/windyjets.com\/pt-pt\/#organization\",\"name\":\"WindyJets\",\"alternateName\":\"Windy Jets\",\"url\":\"https:\/\/windyjets.com\/pt-pt\/\",\"logo\":{\"@type\":\"ImageObject\",\"inLanguage\":\"pt-PT\",\"@id\":\"https:\/\/windyjets.com\/pt-pt\/#\/schema\/logo\/image\/\",\"url\":\"https:\/\/windyjets.com\/wp-content\/uploads\/2023\/05\/logo-windyjets.png\",\"contentUrl\":\"https:\/\/windyjets.com\/wp-content\/uploads\/2023\/05\/logo-windyjets.png\",\"width\":1400,\"height\":250,\"caption\":\"WindyJets\"},\"image\":{\"@id\":\"https:\/\/windyjets.com\/pt-pt\/#\/schema\/logo\/image\/\"}},{\"@type\":\"Person\",\"@id\":\"https:\/\/windyjets.com\/pt-pt\/#\/schema\/person\/670925590ec84c5e51396666b57d06b9\",\"name\":\"Merce\",\"image\":{\"@type\":\"ImageObject\",\"inLanguage\":\"pt-PT\",\"@id\":\"https:\/\/windyjets.com\/pt-pt\/#\/schema\/person\/image\/\",\"url\":\"https:\/\/secure.gravatar.com\/avatar\/8ebb4522bbe208c6b9cd4eff82f35c07a4c25e9446688402c20a7b6570acdb11?s=96&d=mm&r=g\",\"contentUrl\":\"https:\/\/secure.gravatar.com\/avatar\/8ebb4522bbe208c6b9cd4eff82f35c07a4c25e9446688402c20a7b6570acdb11?s=96&d=mm&r=g\",\"caption\":\"Merce\"}}]}<\/script>\n<!-- \/ Yoast SEO plugin. -->","yoast_head_json":{"title":"O pre\u00e7o do aluguel de um jato particular - WindyJets","description":"Quanto custa alugar um jato particular? O pre\u00e7o de um jato particular fretado depende de v\u00e1rios fatores. Descubra qual \u00e9 o custo do aluguel de avia\u00e7\u00e3o privada.","robots":{"index":"index","follow":"follow","max-snippet":"max-snippet:-1","max-image-preview":"max-image-preview:large","max-video-preview":"max-video-preview:-1"},"canonical":"https:\/\/windyjets.com\/pt-pt\/preco-de-aluguel-de-jato-particular\/","og_locale":"pt_PT","og_type":"article","og_title":"O pre\u00e7o do aluguel de um jato particular - WindyJets","og_description":"Quanto custa alugar um jato particular? O pre\u00e7o de um jato particular fretado depende de v\u00e1rios fatores. Descubra qual \u00e9 o custo do aluguel de avia\u00e7\u00e3o privada.","og_url":"https:\/\/windyjets.com\/pt-pt\/preco-de-aluguel-de-jato-particular\/","og_site_name":"WindyJets","article_published_time":"2023-05-15T06:23:22+00:00","article_modified_time":"2023-06-23T10:36:48+00:00","og_image":[{"width":900,"height":527,"url":"https:\/\/windyjets.com\/wp-content\/uploads\/2023\/05\/Beechcraft-King-Air-350-350-i.jpg","type":"image\/jpeg"}],"author":"Merce","twitter_card":"summary_large_image","twitter_misc":{"Escrito por":"Merce","Tempo estimado de leitura":"7 minutos"},"schema":{"@context":"https:\/\/schema.org","@graph":[{"@type":"Article","@id":"https:\/\/windyjets.com\/pt-pt\/preco-de-aluguel-de-jato-particular\/#article","isPartOf":{"@id":"https:\/\/windyjets.com\/pt-pt\/preco-de-aluguel-de-jato-particular\/"},"author":{"name":"Merce","@id":"https:\/\/windyjets.com\/pt-pt\/#\/schema\/person\/670925590ec84c5e51396666b57d06b9"},"headline":"Quanto custa alugar um jato particular","datePublished":"2023-05-15T06:23:22+00:00","dateModified":"2023-06-23T10:36:48+00:00","mainEntityOfPage":{"@id":"https:\/\/windyjets.com\/pt-pt\/preco-de-aluguel-de-jato-particular\/"},"wordCount":1412,"publisher":{"@id":"https:\/\/windyjets.com\/pt-pt\/#organization"},"image":{"@id":"https:\/\/windyjets.com\/pt-pt\/preco-de-aluguel-de-jato-particular\/#primaryimage"},"thumbnailUrl":"https:\/\/windyjets.com\/wp-content\/uploads\/2023\/05\/Beechcraft-King-Air-350-350-i.jpg","articleSection":["Blog"],"inLanguage":"pt-PT"},{"@type":"WebPage","@id":"https:\/\/windyjets.com\/pt-pt\/preco-de-aluguel-de-jato-particular\/","url":"https:\/\/windyjets.com\/pt-pt\/preco-de-aluguel-de-jato-particular\/","name":"O pre\u00e7o do aluguel de um jato particular - WindyJets","isPartOf":{"@id":"https:\/\/windyjets.com\/pt-pt\/#website"},"primaryImageOfPage":{"@id":"https:\/\/windyjets.com\/pt-pt\/preco-de-aluguel-de-jato-particular\/#primaryimage"},"image":{"@id":"https:\/\/windyjets.com\/pt-pt\/preco-de-aluguel-de-jato-particular\/#primaryimage"},"thumbnailUrl":"https:\/\/windyjets.com\/wp-content\/uploads\/2023\/05\/Beechcraft-King-Air-350-350-i.jpg","datePublished":"2023-05-15T06:23:22+00:00","dateModified":"2023-06-23T10:36:48+00:00","description":"Quanto custa alugar um jato particular? O pre\u00e7o de um jato particular fretado depende de v\u00e1rios fatores. Descubra qual \u00e9 o custo do aluguel de avia\u00e7\u00e3o privada.","breadcrumb":{"@id":"https:\/\/windyjets.com\/pt-pt\/preco-de-aluguel-de-jato-particular\/#breadcrumb"},"inLanguage":"pt-PT","potentialAction":[{"@type":"ReadAction","target":["https:\/\/windyjets.com\/pt-pt\/preco-de-aluguel-de-jato-particular\/"]}]},{"@type":"ImageObject","inLanguage":"pt-PT","@id":"https:\/\/windyjets.com\/pt-pt\/preco-de-aluguel-de-jato-particular\/#primaryimage","url":"https:\/\/windyjets.com\/wp-content\/uploads\/2023\/05\/Beechcraft-King-Air-350-350-i.jpg","contentUrl":"https:\/\/windyjets.com\/wp-content\/uploads\/2023\/05\/Beechcraft-King-Air-350-350-i.jpg","width":900,"height":527},{"@type":"BreadcrumbList","@id":"https:\/\/windyjets.com\/pt-pt\/preco-de-aluguel-de-jato-particular\/#breadcrumb","itemListElement":[{"@type":"ListItem","position":1,"name":"Portada","item":"https:\/\/windyjets.com\/pt-pt\/jactos-privados\/"},{"@type":"ListItem","position":2,"name":"Quanto custa alugar um jato particular"}]},{"@type":"WebSite","@id":"https:\/\/windyjets.com\/pt-pt\/#website","url":"https:\/\/windyjets.com\/pt-pt\/","name":"WindyJets","description":"Alquiler Jets Privados","publisher":{"@id":"https:\/\/windyjets.com\/pt-pt\/#organization"},"alternateName":"Windy Jets","potentialAction":[{"@type":"SearchAction","target":{"@type":"EntryPoint","urlTemplate":"https:\/\/windyjets.com\/pt-pt\/?s={search_term_string}"},"query-input":"required name=search_term_string"}],"inLanguage":"pt-PT"},{"@type":"Organization","@id":"https:\/\/windyjets.com\/pt-pt\/#organization","name":"WindyJets","alternateName":"Windy Jets","url":"https:\/\/windyjets.com\/pt-pt\/","logo":{"@type":"ImageObject","inLanguage":"pt-PT","@id":"https:\/\/windyjets.com\/pt-pt\/#\/schema\/logo\/image\/","url":"https:\/\/windyjets.com\/wp-content\/uploads\/2023\/05\/logo-windyjets.png","contentUrl":"https:\/\/windyjets.com\/wp-content\/uploads\/2023\/05\/logo-windyjets.png","width":1400,"height":250,"caption":"WindyJets"},"image":{"@id":"https:\/\/windyjets.com\/pt-pt\/#\/schema\/logo\/image\/"}},{"@type":"Person","@id":"https:\/\/windyjets.com\/pt-pt\/#\/schema\/person\/670925590ec84c5e51396666b57d06b9","name":"Merce","image":{"@type":"ImageObject","inLanguage":"pt-PT","@id":"https:\/\/windyjets.com\/pt-pt\/#\/schema\/person\/image\/","url":"https:\/\/secure.gravatar.com\/avatar\/8ebb4522bbe208c6b9cd4eff82f35c07a4c25e9446688402c20a7b6570acdb11?s=96&d=mm&r=g","contentUrl":"https:\/\/secure.gravatar.com\/avatar\/8ebb4522bbe208c6b9cd4eff82f35c07a4c25e9446688402c20a7b6570acdb11?s=96&d=mm&r=g","caption":"Merce"}}]}},"_links":{"self":[{"href":"https:\/\/windyjets.com\/pt-pt\/wp-json\/wp\/v2\/posts\/224639","targetHints":{"allow":["GET"]}}],"collection":[{"href":"https:\/\/windyjets.com\/pt-pt\/wp-json\/wp\/v2\/posts"}],"about":[{"href":"https:\/\/windyjets.com\/pt-pt\/wp-json\/wp\/v2\/types\/post"}],"author":[{"embeddable":true,"href":"https:\/\/windyjets.com\/pt-pt\/wp-json\/wp\/v2\/users\/2"}],"replies":[{"embeddable":true,"href":"https:\/\/windyjets.com\/pt-pt\/wp-json\/wp\/v2\/comments?post=224639"}],"version-history":[{"count":2,"href":"https:\/\/windyjets.com\/pt-pt\/wp-json\/wp\/v2\/posts\/224639\/revisions"}],"predecessor-version":[{"id":224641,"href":"https:\/\/windyjets.com\/pt-pt\/wp-json\/wp\/v2\/posts\/224639\/revisions\/224641"}],"wp:featuredmedia":[{"embeddable":true,"href":"https:\/\/windyjets.com\/pt-pt\/wp-json\/wp\/v2\/media\/223516"}],"wp:attachment":[{"href":"https:\/\/windyjets.com\/pt-pt\/wp-json\/wp\/v2\/media?parent=224639"}],"wp:term":[{"taxonomy":"category","embeddable":true,"href":"https:\/\/windyjets.com\/pt-pt\/wp-json\/wp\/v2\/categories?post=224639"},{"taxonomy":"post_tag","embeddable":true,"href":"https:\/\/windyjets.com\/pt-pt\/wp-json\/wp\/v2\/tags?post=224639"}],"curies":[{"name":"wp","href":"https:\/\/api.w.org\/{rel}","templated":true}]}}